{"id":2082,"date":"2023-03-18T13:58:43","date_gmt":"2023-03-18T13:58:43","guid":{"rendered":"http:\/\/nemzetorseg.hu\/?p=2082"},"modified":"2023-03-18T13:59:09","modified_gmt":"2023-03-18T13:59:09","slug":"2023-marcius-15-1848-49-es-forradalom-es-szabadsagharc-175-dik-evfordulojarol-megemlekezes-gyorben","status":"publish","type":"post","link":"https:\/\/nemzetorseg.hu\/?p=2082","title":{"rendered":"2023. m\u00e1rcius 15. 1848\/49-es forradalom \u00e9s szabads\u00e1gharc 175. \u00e9vfordul\u00f3j\u00e1r\u00f3l megeml\u00e9kez\u00e9s Gy\u0151rben."},"content":{"rendered":"\n<p>2023. m\u00e1rcius 15-\u00e9n az 1848\/49-es forradalom \u00e9s szabads\u00e1gharc 175-dik \u00e9vfordul\u00f3j\u00e1n Gy\u0151rben, a Honv\u00e9d Ligetben koszor\u00faz\u00e1si \u00fcnneps\u00e9gre ker\u00fclt sor, melyen \u00fcnnepi besz\u00e9det mondott Prof. Dr. D\u00e9zsi Csaba Andr\u00e1s Gy\u0151r Megyei Jog\u00fa V\u00e1ros polg\u00e1rmestere. Az \u00fcnneps\u00e9gen a megeml\u00e9kez\u00e9s \u00e9s a tisztelet koszor\u00faj\u00e1t helyezt\u00fck el. A Magyar Nemzet\u0151rs\u00e9g &#8222;T\u00f6r\u00f6k Istv\u00e1n&#8221; Gy\u0151r-Moson-Sopron V\u00e1rmegyei Sz\u00f6vets\u00e9g\u00e9t Dr. vit\u00e9z Czap\u00e1ry-Martincsevics Andr\u00e1s nemzet\u0151r alt\u00e1bornagy, eln\u00f6k-parancsnok vezet\u00e9s\u00e9vel deleg\u00e1ci\u00f3 k\u00e9pviselte, melyben helyet kapott vit\u00e9z B\u00fcki Lajos nemzet\u0151r vez\u00e9r\u0151rnagy, tiszteletbeli eln\u00f6k, Gerendi Attila nemzet\u0151r dand\u00e1rt\u00e1bornok, aleln\u00f6k, Dr. N\u00e9meth J\u00f3zsef nemzet\u0151r alezredes, S\u00e1ndorfi Ferenc nemzet\u0151r f\u0151t\u00f6rzsz\u00e1szl\u00f3s, valamint V\u00f6r\u00f6s L\u00e1szl\u00f3 tiszteletbeli nemzet\u0151r z\u00e1szl\u00f3s. Az \u00fcnneps\u00e9get k\u00f6vet\u0151en a V\u00e1rosh\u00e1za el\u0151tt d\u00edszszeml\u00e9re ker\u00fclt sor, majd a V\u00e1rosh\u00e1za d\u00edszterm\u00e9ben \u00fcnnepi d\u00edszk\u00f6zgy\u0171l\u00e9s keret\u00e9ben polg\u00e1rmester \u00dar Pro Urbe Gy\u0151r d\u00edjakat adott \u00e1t az arra \u00e9rdemeseknek, valamint d\u00edszpolg\u00e1ri c\u00edmet vehetett \u00e1t Sz\u00edjj\u00e1rt\u00f3 P\u00e9ter k\u00fclgazdas\u00e1gi \u00e9s k\u00fcl\u00fcgyminiszter.<\/p>\n\n\n\n<figure class=\"wp-block-image size-large\"><img loading=\"lazy\" decoding=\"async\" width=\"1024\" height=\"683\" src=\"http:\/\/nemzetorseg.hu\/wp-content\/uploads\/2023\/03\/333815166_590946079719231_1908113295360185760_n-1024x683.jpg\" alt=\"\" class=\"wp-image-2083\" srcset=\"https:\/\/nemzetorseg.hu\/wp-content\/uploads\/2023\/03\/333815166_590946079719231_1908113295360185760_n-1024x683.jpg 1024w, https:\/\/nemzetorseg.hu\/wp-content\/uploads\/2023\/03\/333815166_590946079719231_1908113295360185760_n-300x200.jpg 300w, https:\/\/nemzetorseg.hu\/wp-content\/uploads\/2023\/03\/333815166_590946079719231_1908113295360185760_n-768x512.jpg 768w, https:\/\/nemzetorseg.hu\/wp-content\/uploads\/2023\/03\/333815166_590946079719231_1908113295360185760_n-1536x1024.jpg 1536w, https:\/\/nemzetorseg.hu\/wp-content\/uploads\/2023\/03\/333815166_590946079719231_1908113295360185760_n.jpg 1620w\" sizes=\"auto, (max-width: 1024px) 100vw, 1024px\" \/><\/figure>\n\n\n\n<figure class=\"wp-block-image size-large\"><img loading=\"lazy\" decoding=\"async\" width=\"768\" height=\"1024\" src=\"http:\/\/nemzetorseg.hu\/wp-content\/uploads\/2023\/03\/335619621_1062977995091882_1532715492723611482_n-768x1024.jpg\" alt=\"\" class=\"wp-image-2084\" srcset=\"https:\/\/nemzetorseg.hu\/wp-content\/uploads\/2023\/03\/335619621_1062977995091882_1532715492723611482_n-768x1024.jpg 768w, https:\/\/nemzetorseg.hu\/wp-content\/uploads\/2023\/03\/335619621_1062977995091882_1532715492723611482_n-225x300.jpg 225w, https:\/\/nemzetorseg.hu\/wp-content\/uploads\/2023\/03\/335619621_1062977995091882_1532715492723611482_n-1152x1536.jpg 1152w, https:\/\/nemzetorseg.hu\/wp-content\/uploads\/2023\/03\/335619621_1062977995091882_1532715492723611482_n.jpg 1500w\" sizes=\"auto, (max-width: 768px) 100vw, 768px\" \/><\/figure>\n\n\n\n<figure class=\"wp-block-image size-large\"><img loading=\"lazy\" decoding=\"async\" width=\"1024\" height=\"654\" src=\"http:\/\/nemzetorseg.hu\/wp-content\/uploads\/2023\/03\/336521204_1164336124227450_7651276231049933074_n-1024x654.jpg\" alt=\"\" class=\"wp-image-2085\" srcset=\"https:\/\/nemzetorseg.hu\/wp-content\/uploads\/2023\/03\/336521204_1164336124227450_7651276231049933074_n-1024x654.jpg 1024w, https:\/\/nemzetorseg.hu\/wp-content\/uploads\/2023\/03\/336521204_1164336124227450_7651276231049933074_n-300x192.jpg 300w, https:\/\/nemzetorseg.hu\/wp-content\/uploads\/2023\/03\/336521204_1164336124227450_7651276231049933074_n-768x491.jpg 768w, https:\/\/nemzetorseg.hu\/wp-content\/uploads\/2023\/03\/336521204_1164336124227450_7651276231049933074_n-1536x982.jpg 1536w, https:\/\/nemzetorseg.hu\/wp-content\/uploads\/2023\/03\/336521204_1164336124227450_7651276231049933074_n.jpg 1690w\" sizes=\"auto, (max-width: 1024px) 100vw, 1024px\" \/><\/figure>\n\n\n\n<figure class=\"wp-block-image size-large\"><img loading=\"lazy\" decoding=\"async\" width=\"1024\" height=\"683\" src=\"http:\/\/nemzetorseg.hu\/wp-content\/uploads\/2023\/03\/DSC_0014-1024x683.jpg\" alt=\"\" class=\"wp-image-2086\" srcset=\"https:\/\/nemzetorseg.hu\/wp-content\/uploads\/2023\/03\/DSC_0014-1024x683.jpg 1024w, https:\/\/nemzetorseg.hu\/wp-content\/uploads\/2023\/03\/DSC_0014-300x200.jpg 300w, https:\/\/nemzetorseg.hu\/wp-content\/uploads\/2023\/03\/DSC_0014-768x512.jpg 768w, https:\/\/nemzetorseg.hu\/wp-content\/uploads\/2023\/03\/DSC_0014-1536x1024.jpg 1536w, https:\/\/nemzetorseg.hu\/wp-content\/uploads\/2023\/03\/DSC_0014-2048x1365.jpg 2048w\" sizes=\"auto, (max-width: 1024px) 100vw, 1024px\" \/><\/figure>\n\n\n\n<figure class=\"wp-block-image size-large\"><img loading=\"lazy\" decoding=\"async\" width=\"1024\" height=\"683\" src=\"http:\/\/nemzetorseg.hu\/wp-content\/uploads\/2023\/03\/Koszoruzas1-1024x683.jpg\" alt=\"\" class=\"wp-image-2087\" srcset=\"https:\/\/nemzetorseg.hu\/wp-content\/uploads\/2023\/03\/Koszoruzas1-1024x683.jpg 1024w, https:\/\/nemzetorseg.hu\/wp-content\/uploads\/2023\/03\/Koszoruzas1-300x200.jpg 300w, https:\/\/nemzetorseg.hu\/wp-content\/uploads\/2023\/03\/Koszoruzas1-768x512.jpg 768w, https:\/\/nemzetorseg.hu\/wp-content\/uploads\/2023\/03\/Koszoruzas1.jpg 1200w\" sizes=\"auto, (max-width: 1024px) 100vw, 1024px\" \/><\/figure>\n","protected":false},"excerpt":{"rendered":"<p>2023. m\u00e1rcius 15-\u00e9n az 1848\/49-es forradalom \u00e9s szabads\u00e1gharc 175-dik \u00e9vfordul\u00f3j\u00e1n Gy\u0151rben, a Honv\u00e9d Ligetben koszor\u00faz\u00e1si \u00fcnneps\u00e9gre ker\u00fclt sor, melyen \u00fcnnepi besz\u00e9det mondott Prof. Dr. D\u00e9zsi&hellip;<\/p>\n","protected":false},"author":1,"featured_media":2084,"comment_status":"closed","ping_status":"open","sticky":false,"template":"","format":"standard","meta":{"footnotes":""},"categories":[1],"tags":[],"class_list":["post-2082","post","type-post","status-publish","format-standard","has-post-thumbnail","hentry","category-egyeb"],"_links":{"self":[{"href":"https:\/\/nemzetorseg.hu\/index.php?rest_route=\/wp\/v2\/posts\/2082","targetHints":{"allow":["GET"]}}],"collection":[{"href":"https:\/\/nemzetorseg.hu\/index.php?rest_route=\/wp\/v2\/posts"}],"about":[{"href":"https:\/\/nemzetorseg.hu\/index.php?rest_route=\/wp\/v2\/types\/post"}],"author":[{"embeddable":true,"href":"https:\/\/nemzetorseg.hu\/index.php?rest_route=\/wp\/v2\/users\/1"}],"replies":[{"embeddable":true,"href":"https:\/\/nemzetorseg.hu\/index.php?rest_route=%2Fwp%2Fv2%2Fcomments&post=2082"}],"version-history":[{"count":2,"href":"https:\/\/nemzetorseg.hu\/index.php?rest_route=\/wp\/v2\/posts\/2082\/revisions"}],"predecessor-version":[{"id":2089,"href":"https:\/\/nemzetorseg.hu\/index.php?rest_route=\/wp\/v2\/posts\/2082\/revisions\/2089"}],"wp:featuredmedia":[{"embeddable":true,"href":"https:\/\/nemzetorseg.hu\/index.php?rest_route=\/wp\/v2\/media\/2084"}],"wp:attachment":[{"href":"https:\/\/nemzetorseg.hu\/index.php?rest_route=%2Fwp%2Fv2%2Fmedia&parent=2082"}],"wp:term":[{"taxonomy":"category","embeddable":true,"href":"https:\/\/nemzetorseg.hu\/index.php?rest_route=%2Fwp%2Fv2%2Fcategories&post=2082"},{"taxonomy":"post_tag","embeddable":true,"href":"https:\/\/nemzetorseg.hu\/index.php?rest_route=%2Fwp%2Fv2%2Ftags&post=2082"}],"curies":[{"name":"wp","href":"https:\/\/api.w.org\/{rel}","templated":true}]}}