{"id":2044,"date":"2023-03-18T13:38:43","date_gmt":"2023-03-18T13:38:43","guid":{"rendered":"http:\/\/nemzetorseg.hu\/?p=2044"},"modified":"2023-03-18T13:39:03","modified_gmt":"2023-03-18T13:39:03","slug":"2023-januar-12-megemlekezes-a-doni-attoresrol-es-katasztrofarol","status":"publish","type":"post","link":"https:\/\/nemzetorseg.hu\/?p=2044","title":{"rendered":"2023. janu\u00e1r 12. Megeml\u00e9kez\u00e9s a doni \u00e1tt\u00f6r\u00e9sr\u0151l \u00e9s katasztr\u00f3f\u00e1r\u00f3l."},"content":{"rendered":"\n<p>2023. janu\u00e1r 12-\u00e9n a gy\u0151ri Nagyboldogasszony Sz\u00e9kesegyh\u00e1zban a Szent L\u00e1szl\u00f3 Hat\u00e1r\u0151r Hagyom\u00e1ny\u0151rz\u0151 Egyes\u00fclet \u00e9s a T\u00f6rt\u00e9nelmi Vit\u00e9zi Rend Ter\u00fcleti Sz\u00e9kkapit\u00e1nys\u00e1ga szervez\u00e9s\u00e9ben a Doni \u00e1tt\u00f6r\u00e9s \u00e9s katasztr\u00f3fa 80-dik \u00e9vfordul\u00f3ja alkalm\u00e1b\u00f3l szentmis\u00e9vel eml\u00e9keztek meg a megjelentek. A szentmis\u00e9t Dr. P\u00e1pai Lajos emeritus p\u00fcsp\u00f6k atya celebr\u00e1lta \u00e9s a szentmis\u00e9t a h\u0151s\u00f6k \u00e9s \u00e1ldozatok lelki \u00fcdv\u00e9\u00e9rt aj\u00e1nlotta fel. Eml\u00e9kbesz\u00e9det mondott Simon R\u00f3bert Bal\u00e1zs orsz\u00e1ggy\u0171l\u00e9si k\u00e9pvisel\u0151 \u00dar. A szentmise v\u00e9g\u00e9n a megjelent szervezetek k\u00e9pvisel\u0151i egy k\u00f6z\u00f6s koszor\u00fara eml\u00e9kszalagot k\u00f6t\u00f6ttek fel. Az eml\u00e9kmis\u00e9n a Magyar Nemzet\u0151rs\u00e9g &#8222;T\u00f6r\u00f6k Istv\u00e1n&#8221; Gy\u0151r-Moson-Sopron Megyei Sz\u00f6vets\u00e9get k\u00e9pviselve r\u00e9szt vettek vit\u00e9z B\u00fcki Lajos nemzet\u0151r vez\u00e9r\u0151rnagy, tiszteletbeli eln\u00f6k, Dr. vit\u00e9z Czap\u00e1ry-Martincsevics Andr\u00e1s nemzet\u0151r alt\u00e1bornagy, eln\u00f6k-parancsnok, orsz\u00e1gos parancsnokhelyettes, valamint Gerendi Attila nemzet\u0151r dand\u00e1rt\u00e1bornok, aleln\u00f6k.<\/p>\n\n\n\n<figure class=\"wp-block-image size-large\"><img loading=\"lazy\" decoding=\"async\" width=\"1024\" height=\"683\" src=\"http:\/\/nemzetorseg.hu\/wp-content\/uploads\/2023\/03\/DSC_0029-1024x683.jpg\" alt=\"\" class=\"wp-image-2045\" srcset=\"https:\/\/nemzetorseg.hu\/wp-content\/uploads\/2023\/03\/DSC_0029-1024x683.jpg 1024w, https:\/\/nemzetorseg.hu\/wp-content\/uploads\/2023\/03\/DSC_0029-300x200.jpg 300w, https:\/\/nemzetorseg.hu\/wp-content\/uploads\/2023\/03\/DSC_0029-768x512.jpg 768w, https:\/\/nemzetorseg.hu\/wp-content\/uploads\/2023\/03\/DSC_0029-1536x1024.jpg 1536w, https:\/\/nemzetorseg.hu\/wp-content\/uploads\/2023\/03\/DSC_0029-2048x1365.jpg 2048w\" sizes=\"auto, (max-width: 1024px) 100vw, 1024px\" \/><\/figure>\n\n\n\n<figure class=\"wp-block-image size-large\"><img loading=\"lazy\" decoding=\"async\" width=\"1024\" height=\"683\" src=\"http:\/\/nemzetorseg.hu\/wp-content\/uploads\/2023\/03\/DSC_0056-1024x683.jpg\" alt=\"\" class=\"wp-image-2046\" srcset=\"https:\/\/nemzetorseg.hu\/wp-content\/uploads\/2023\/03\/DSC_0056-1024x683.jpg 1024w, https:\/\/nemzetorseg.hu\/wp-content\/uploads\/2023\/03\/DSC_0056-300x200.jpg 300w, https:\/\/nemzetorseg.hu\/wp-content\/uploads\/2023\/03\/DSC_0056-768x512.jpg 768w, https:\/\/nemzetorseg.hu\/wp-content\/uploads\/2023\/03\/DSC_0056-1536x1024.jpg 1536w, https:\/\/nemzetorseg.hu\/wp-content\/uploads\/2023\/03\/DSC_0056-2048x1365.jpg 2048w\" sizes=\"auto, (max-width: 1024px) 100vw, 1024px\" \/><\/figure>\n\n\n\n<figure class=\"wp-block-image size-large\"><img loading=\"lazy\" decoding=\"async\" width=\"1024\" height=\"683\" src=\"http:\/\/nemzetorseg.hu\/wp-content\/uploads\/2023\/03\/DSC_0082-1024x683.jpg\" alt=\"\" class=\"wp-image-2047\" srcset=\"https:\/\/nemzetorseg.hu\/wp-content\/uploads\/2023\/03\/DSC_0082-1024x683.jpg 1024w, https:\/\/nemzetorseg.hu\/wp-content\/uploads\/2023\/03\/DSC_0082-300x200.jpg 300w, https:\/\/nemzetorseg.hu\/wp-content\/uploads\/2023\/03\/DSC_0082-768x512.jpg 768w, https:\/\/nemzetorseg.hu\/wp-content\/uploads\/2023\/03\/DSC_0082-1536x1024.jpg 1536w, https:\/\/nemzetorseg.hu\/wp-content\/uploads\/2023\/03\/DSC_0082-2048x1365.jpg 2048w\" sizes=\"auto, (max-width: 1024px) 100vw, 1024px\" \/><\/figure>\n","protected":false},"excerpt":{"rendered":"<p>2023. janu\u00e1r 12-\u00e9n a gy\u0151ri Nagyboldogasszony Sz\u00e9kesegyh\u00e1zban a Szent L\u00e1szl\u00f3 Hat\u00e1r\u0151r Hagyom\u00e1ny\u0151rz\u0151 Egyes\u00fclet \u00e9s a T\u00f6rt\u00e9nelmi Vit\u00e9zi Rend Ter\u00fcleti Sz\u00e9kkapit\u00e1nys\u00e1ga szervez\u00e9s\u00e9ben a Doni \u00e1tt\u00f6r\u00e9s \u00e9s&hellip;<\/p>\n","protected":false},"author":1,"featured_media":2045,"comment_status":"closed","ping_status":"open","sticky":false,"template":"","format":"standard","meta":{"footnotes":""},"categories":[1],"tags":[],"class_list":["post-2044","post","type-post","status-publish","format-standard","has-post-thumbnail","hentry","category-egyeb"],"_links":{"self":[{"href":"https:\/\/nemzetorseg.hu\/index.php?rest_route=\/wp\/v2\/posts\/2044","targetHints":{"allow":["GET"]}}],"collection":[{"href":"https:\/\/nemzetorseg.hu\/index.php?rest_route=\/wp\/v2\/posts"}],"about":[{"href":"https:\/\/nemzetorseg.hu\/index.php?rest_route=\/wp\/v2\/types\/post"}],"author":[{"embeddable":true,"href":"https:\/\/nemzetorseg.hu\/index.php?rest_route=\/wp\/v2\/users\/1"}],"replies":[{"embeddable":true,"href":"https:\/\/nemzetorseg.hu\/index.php?rest_route=%2Fwp%2Fv2%2Fcomments&post=2044"}],"version-history":[{"count":1,"href":"https:\/\/nemzetorseg.hu\/index.php?rest_route=\/wp\/v2\/posts\/2044\/revisions"}],"predecessor-version":[{"id":2048,"href":"https:\/\/nemzetorseg.hu\/index.php?rest_route=\/wp\/v2\/posts\/2044\/revisions\/2048"}],"wp:featuredmedia":[{"embeddable":true,"href":"https:\/\/nemzetorseg.hu\/index.php?rest_route=\/wp\/v2\/media\/2045"}],"wp:attachment":[{"href":"https:\/\/nemzetorseg.hu\/index.php?rest_route=%2Fwp%2Fv2%2Fmedia&parent=2044"}],"wp:term":[{"taxonomy":"category","embeddable":true,"href":"https:\/\/nemzetorseg.hu\/index.php?rest_route=%2Fwp%2Fv2%2Fcategories&post=2044"},{"taxonomy":"post_tag","embeddable":true,"href":"https:\/\/nemzetorseg.hu\/index.php?rest_route=%2Fwp%2Fv2%2Ftags&post=2044"}],"curies":[{"name":"wp","href":"https:\/\/api.w.org\/{rel}","templated":true}]}}