{"id":1938,"date":"2022-12-01T11:45:48","date_gmt":"2022-12-01T11:45:48","guid":{"rendered":"http:\/\/nemzetorseg.hu\/?p=1938"},"modified":"2022-12-01T11:46:34","modified_gmt":"2022-12-01T11:46:34","slug":"gyaszhir-5","status":"publish","type":"post","link":"https:\/\/nemzetorseg.hu\/?p=1938","title":{"rendered":"Gy\u00e1szh\u00edr!"},"content":{"rendered":"\n<p><a><\/a>Kedves Bar\u00e1taink! Szomor\u00faan tudatjuk veletek, hogy \u00c9desap\u00e1nk a kora d\u00e9lel\u0151tti \u00f3r\u00e1kban csendben t\u00e1vozott k\u00f6z\u00fcl\u00fcnk. A temet\u00e9sr\u0151l k\u00e9s\u0151bb t\u00e1j\u00e9koztatunk titeket!<\/p>\n\n\n\n<p>Viktor, Zsolt<\/p>\n\n\n\n<p>Dear friends! We are saddened to inform you that our Father passed away quietly in the early hours of the morning. We will inform you about the funeral later!<\/p>\n\n\n\n<p>Viktor and Zsolt<\/p>\n\n\n\n<p>2022. 11. 14.<\/p>\n\n\n\n<p>Kedves rokonok, bar\u00e1tok, ismer\u0151s\u00f6k!<\/p>\n\n\n\n<p>Dr\u00e1ga \u00c9desap\u00e1nk, Palczer Lajos v\u00e9gs\u0151 b\u00facs\u00faztat\u00e1s\u00e1ra 2022. november 26-\u00e1n, 10.00 \u00f3rakor ker\u00fcl sor. \u00c9desap\u00e1nkat a r\u00e1calm\u00e1si temet\u0151ben k\u00eds\u00e9rj\u00fck el utols\u00f3 \u00fatj\u00e1ra.<\/p>\n\n\n\n<figure class=\"wp-block-image size-full\"><img loading=\"lazy\" decoding=\"async\" width=\"633\" height=\"633\" src=\"http:\/\/nemzetorseg.hu\/wp-content\/uploads\/2022\/12\/palczer1.jpg\" alt=\"\" class=\"wp-image-1939\" srcset=\"https:\/\/nemzetorseg.hu\/wp-content\/uploads\/2022\/12\/palczer1.jpg 633w, https:\/\/nemzetorseg.hu\/wp-content\/uploads\/2022\/12\/palczer1-300x300.jpg 300w, https:\/\/nemzetorseg.hu\/wp-content\/uploads\/2022\/12\/palczer1-150x150.jpg 150w\" sizes=\"auto, (max-width: 633px) 100vw, 633px\" \/><\/figure>\n\n\n\n<p>Kedves Csal\u00e1dtagok, Bar\u00e1tok, Bajt\u00e1rsak!<\/p>\n\n\n\n<p>B\u00facs\u00fazni \u00e9s megeml\u00e9kezni gy\u0171lt\u00fcnk ma \u00f6ssze m\u00e9lyen tisztelt Bajt\u00e1rsunk, T\u00e1bornokunk s\u00edrj\u00e1n\u00e1l.<\/p>\n\n\n\n<p>Arany J\u00e1nos Nemzet\u0151r- dala m\u00e9lt\u00f3n t\u00fckr\u00f6zi Vit\u00e9z Palczer Lajos dand\u00e1rt\u00e1bornok \u00dar \u00e9let\u00fatj\u00e1t.<\/p>\n\n\n\n<p>&nbsp;\u201eS\u00fcvegemen nemzetisz\u00edn r\u00f3zsa,<\/p>\n\n\n\n<p>Ajakamon \u00e9des bab\u00e1m cs\u00f3kja;<\/p>\n\n\n\n<p>Ne f\u00e9lj bab\u00e1m, nem megyek vil\u00e1gra:<\/p>\n\n\n\n<p>Nemzetemnek vagyok katon\u00e1ja.<\/p>\n\n\n\n<p>Nem kerestek engemet k\u00f6t\u00e9llel;<\/p>\n\n\n\n<p>Z\u00e1szl\u00f3 al\u00e1 magam csaptam \u00e9n fel:<\/p>\n\n\n\n<p>Sz\u00fcl\u0151any\u00e1m, te sz\u00e9p Magyarorsz\u00e1g,<\/p>\n\n\n\n<p>Hogyne lenn\u00e9k holtig igaz Hozz\u00e1d!<\/p>\n\n\n\n<p>Nem is adtam a lelkemet b\u00e9rbe;<\/p>\n\n\n\n<p>N\u00e9gy garajc\u00e1r \u00fagyse sokat \u00e9rne;<\/p>\n\n\n\n<p>Van nekem m\u00e9g \u00f6t-hat garajc\u00e1rom\u2026<\/p>\n\n\n\n<p>Azt is, ha kell, haz\u00e1mnak aj\u00e1nlom.<\/p>\n\n\n\n<p><\/p>\n\n\n\n<p>Holt\u00e1ig h\u0171 maradt Csal\u00e1dj\u00e1hoz, Menyasszony\u00e1hoz, Bar\u00e1taihoz, Bajt\u00e1rsaihoz, Nemzet\u00e9hez.<\/p>\n\n\n\n<p>Magyar Nemzet\u0151r\u00f6k Orsz\u00e1gos Sz\u00f6vets\u00e9ge Fej\u00e9r megyei Egys\u00e9g\u00e9vel sz\u00e1mtalan helyen helyt \u00e1llt, seg\u00edtett a bajba jutottakon.<\/p>\n\n\n\n<ul class=\"wp-block-list\"><li>2013-ban a Duna Kisapostagi szakasz\u00e1n \u00e1rv\u00edzi v\u00e9dekez\u00e9sben<\/li><li>2014-ben ism\u00e9telten a Kisapostagi felh\u0151szakad\u00e1s sor\u00e1n megindult iszap \u00e1ltal okozott k\u00e1rok helyre\u00e1ll\u00edt\u00e1s\u00e1ba<\/li><\/ul>\n\n\n\n<p>Sz\u00edv\u00fcgy\u00e9nek tekintette a fogyat\u00e9kkal \u00e9l\u0151k seg\u00edt\u00e9s\u00e9t, eg\u00e9szs\u00e9ges fiatalok \u00e9rz\u00e9keny\u00edt\u00e9s\u00e9t. Sz\u00e9p p\u00e9lda erre a k\u00e9t Gyermeknapi r\u00e9szv\u00e9tel a duna\u00fajv\u00e1rosi Duna-parton a Mindannyian M\u00e1sok Vagyunk Egyes\u00fclettel kar\u00f6ltve.&nbsp;<\/p>\n\n\n\n<ul class=\"wp-block-list\"><li>2021-ben aj\u00e1nd\u00e9kgy\u0171jt\u00e9st szervezett kar\u00e1csonyra a r\u00e1szorul\u00f3 gyerekeknek<\/li><li>2022-ben \u00f6tletgazd\u00e1ja a duna\u00fajv\u00e1rosi H\u00e9tsz\u00ednvir\u00e1g B\u00f6lcs\u0151de sz\u00e1m\u00e1ra t\u00e9lap\u00f3 csomagok \u00f6ssze\u00e1ll\u00edt\u00e1s\u00e1nak<\/li><\/ul>\n\n\n\n<p>Szorgalmazta, hogy a Nemzet\u0151rs\u00e9g feladatai k\u00f6z\u00e9 a katasztr\u00f3fav\u00e9delem is beker\u00fclhessen.<\/p>\n\n\n\n<p>Baracsi \u00d6nk\u00e9ntes T\u0171zolt\u00f3s\u00e1ggal k\u00f6t\u00f6tt egyezm\u00e9ny alapj\u00e1n t\u00f6bb Nemzet\u0151r is elv\u00e9gezhette a 40 \u00f3r\u00e1s t\u0171zolt\u00f3 tanfolyamot.<\/p>\n\n\n\n<p>Polg\u00e1r\u0151rs\u00e9ggel kar\u00f6ltve biztos\u00edt\u00e1si feladatokat is ell\u00e1tott :<\/p>\n\n\n\n<ul class=\"wp-block-list\"><li>Baracs-Kisapostag ter\u00fclet\u00e9n Rep\u00fcl\u0151nap<\/li><li>Falunap<\/li><li>Halottak napja k\u00f6rny\u00e9k\u00e9n temet\u0151<\/li><\/ul>\n\n\n\n<p>A Nemzet\u0151r hagyom\u00e1nyokat m\u00e9lys\u00e9gesen tisztelte \u00e9s szeretettel adta \u00e1t fiatal Bajt\u00e1rsainak.<\/p>\n\n\n\n<p>R\u00e9szt vett sz\u00e1mos Nemzeti \u00dcnnepen (m\u00e1rcius 15., H\u0151s\u00f6k Napja, illetve okt\u00f3ber 23.) koszor\u00faz\u00e1son mind Duna\u00fajv\u00e1rosban, mind Kisapostagon.<\/p>\n\n\n\n<p>Vezet\u00e9s\u00e9vel felkutathattuk \u00e9s \u00e1polhattuk Kisapostag \u00e9s k\u00f6rny\u00e9k\u00e9n h\u0151si hal\u00e1lt halt katon\u00e1k s\u00edreml\u00e9keit.<\/p>\n\n\n\n<p>Keszei Istv\u00e1n id\u00e9zettel,neh\u00e9z sz\u00edvvel b\u00facs\u00fazik Egys\u00e9ged<\/p>\n\n\n\n<p>Teljes l\u00e9nyedd\u00e9<\/p>\n\n\n\n<p>\u201eA m\u00e9lybe csak a tested mer\u00fclt el,<\/p>\n\n\n\n<p>Csak \u0150 t\u0171nt el a f\u00f6ld alatt<\/p>\n\n\n\n<p>De l\u00e9nyed l\u00e9nyege ezer el\u00e9 sz\u00f3r\u00f3dva is k\u00f6z\u00f6tt\u00fcnk maradt.\u201d<\/p>\n\n\n\n<p><\/p>\n\n\n\n<p><\/p>\n\n\n\n<p>2000-ben r\u00e9szt vett a Magyar Nemzet\u0151r\u00f6k Orsz\u00e1gos Sz\u00f6vets\u00e9ge l\u00e9trehoz\u00e1s\u00e1ban, alap\u00edt\u00f3 tagja volt. Az\u00f3ta t\u00f6retlen hite a Nemzet\u0151rs\u00e9gben meger\u0151s\u00edtette, hogy nem \u00e9rdemtelen\u00fcl v\u00e9gezte odaad\u00f3 munk\u00e1j\u00e1t. \u00d6sszetartotta Fej\u00e9r megyei Nemzet\u0151rs\u00e9get, sz\u00e1mos rendezv\u00e9nyre szervezte a kis Csapatot.<\/p>\n\n\n\n<p>B\u00facs\u00fazik T\u0151led a Nemzet\u0151rs\u00e9g teljes szem\u00e9lyi \u00e1llom\u00e1nya \u00e9s a parancsnoks\u00e1g! Eml\u00e9kedet meg\u0151rizz\u00fck! R\u00e9szv\u00e9t\u00fcnket fejezz\u00fck ki a Csal\u00e1dj\u00e1nak!<\/p>\n\n\n\n<p>Nyugodj\u00e1l b\u00e9k\u00e9ben!<\/p>\n\n\n\n<p>A Magyar Nemzet\u0151r\u00f6k Orsz\u00e1gos Sz\u00f6vets\u00e9ge parancsnoka vit\u00e9z Palczer Lajos nemzet\u0151r vez\u00e9r\u0151rnagy urat posztumusz nemzet\u0151r alt\u00e1bornaggy\u00e1 el\u0151l\u00e9ptette.<\/p>\n\n\n\n<figure class=\"wp-block-image size-large\"><img loading=\"lazy\" decoding=\"async\" width=\"768\" height=\"1024\" src=\"http:\/\/nemzetorseg.hu\/wp-content\/uploads\/2022\/12\/palczer2-768x1024.jpg\" alt=\"\" class=\"wp-image-1940\" srcset=\"https:\/\/nemzetorseg.hu\/wp-content\/uploads\/2022\/12\/palczer2-768x1024.jpg 768w, https:\/\/nemzetorseg.hu\/wp-content\/uploads\/2022\/12\/palczer2-225x300.jpg 225w, https:\/\/nemzetorseg.hu\/wp-content\/uploads\/2022\/12\/palczer2-1152x1536.jpg 1152w, https:\/\/nemzetorseg.hu\/wp-content\/uploads\/2022\/12\/palczer2-1536x2048.jpg 1536w, https:\/\/nemzetorseg.hu\/wp-content\/uploads\/2022\/12\/palczer2-scaled.jpg 1920w\" sizes=\"auto, (max-width: 768px) 100vw, 768px\" \/><\/figure>\n\n\n\n<figure class=\"wp-block-image size-large\"><img loading=\"lazy\" decoding=\"async\" width=\"768\" height=\"1024\" src=\"http:\/\/nemzetorseg.hu\/wp-content\/uploads\/2022\/12\/palczer3-768x1024.jpg\" alt=\"\" class=\"wp-image-1941\" srcset=\"https:\/\/nemzetorseg.hu\/wp-content\/uploads\/2022\/12\/palczer3-768x1024.jpg 768w, https:\/\/nemzetorseg.hu\/wp-content\/uploads\/2022\/12\/palczer3-225x300.jpg 225w, https:\/\/nemzetorseg.hu\/wp-content\/uploads\/2022\/12\/palczer3-1152x1536.jpg 1152w, https:\/\/nemzetorseg.hu\/wp-content\/uploads\/2022\/12\/palczer3-1536x2048.jpg 1536w, https:\/\/nemzetorseg.hu\/wp-content\/uploads\/2022\/12\/palczer3-scaled.jpg 1920w\" sizes=\"auto, (max-width: 768px) 100vw, 768px\" \/><\/figure>\n\n\n\n<figure class=\"wp-block-image size-large\"><img loading=\"lazy\" decoding=\"async\" width=\"768\" height=\"1024\" src=\"http:\/\/nemzetorseg.hu\/wp-content\/uploads\/2022\/12\/palczer4-768x1024.jpg\" alt=\"\" class=\"wp-image-1942\" srcset=\"https:\/\/nemzetorseg.hu\/wp-content\/uploads\/2022\/12\/palczer4-768x1024.jpg 768w, https:\/\/nemzetorseg.hu\/wp-content\/uploads\/2022\/12\/palczer4-225x300.jpg 225w, https:\/\/nemzetorseg.hu\/wp-content\/uploads\/2022\/12\/palczer4-1152x1536.jpg 1152w, https:\/\/nemzetorseg.hu\/wp-content\/uploads\/2022\/12\/palczer4-1536x2048.jpg 1536w, https:\/\/nemzetorseg.hu\/wp-content\/uploads\/2022\/12\/palczer4-scaled.jpg 1920w\" sizes=\"auto, (max-width: 768px) 100vw, 768px\" \/><\/figure>\n\n\n\n<figure class=\"wp-block-image size-large\"><img loading=\"lazy\" decoding=\"async\" width=\"768\" height=\"1024\" src=\"http:\/\/nemzetorseg.hu\/wp-content\/uploads\/2022\/12\/palczer5-768x1024.jpg\" alt=\"\" class=\"wp-image-1943\" srcset=\"https:\/\/nemzetorseg.hu\/wp-content\/uploads\/2022\/12\/palczer5-768x1024.jpg 768w, https:\/\/nemzetorseg.hu\/wp-content\/uploads\/2022\/12\/palczer5-225x300.jpg 225w, https:\/\/nemzetorseg.hu\/wp-content\/uploads\/2022\/12\/palczer5-1152x1536.jpg 1152w, https:\/\/nemzetorseg.hu\/wp-content\/uploads\/2022\/12\/palczer5-1536x2048.jpg 1536w, https:\/\/nemzetorseg.hu\/wp-content\/uploads\/2022\/12\/palczer5-scaled.jpg 1920w\" sizes=\"auto, (max-width: 768px) 100vw, 768px\" \/><\/figure>\n\n\n\n<figure class=\"wp-block-image size-large\"><img loading=\"lazy\" decoding=\"async\" width=\"768\" height=\"1024\" src=\"http:\/\/nemzetorseg.hu\/wp-content\/uploads\/2022\/12\/palczer6-768x1024.jpg\" alt=\"\" class=\"wp-image-1944\" srcset=\"https:\/\/nemzetorseg.hu\/wp-content\/uploads\/2022\/12\/palczer6-768x1024.jpg 768w, https:\/\/nemzetorseg.hu\/wp-content\/uploads\/2022\/12\/palczer6-225x300.jpg 225w, https:\/\/nemzetorseg.hu\/wp-content\/uploads\/2022\/12\/palczer6-1152x1536.jpg 1152w, https:\/\/nemzetorseg.hu\/wp-content\/uploads\/2022\/12\/palczer6-1536x2048.jpg 1536w, https:\/\/nemzetorseg.hu\/wp-content\/uploads\/2022\/12\/palczer6-scaled.jpg 1920w\" sizes=\"auto, (max-width: 768px) 100vw, 768px\" \/><\/figure>\n\n\n\n<figure class=\"wp-block-image size-large\"><img loading=\"lazy\" decoding=\"async\" width=\"768\" height=\"1024\" src=\"http:\/\/nemzetorseg.hu\/wp-content\/uploads\/2022\/12\/palczer7-768x1024.jpg\" alt=\"\" class=\"wp-image-1945\" srcset=\"https:\/\/nemzetorseg.hu\/wp-content\/uploads\/2022\/12\/palczer7-768x1024.jpg 768w, https:\/\/nemzetorseg.hu\/wp-content\/uploads\/2022\/12\/palczer7-225x300.jpg 225w, https:\/\/nemzetorseg.hu\/wp-content\/uploads\/2022\/12\/palczer7-1152x1536.jpg 1152w, https:\/\/nemzetorseg.hu\/wp-content\/uploads\/2022\/12\/palczer7-1536x2048.jpg 1536w, https:\/\/nemzetorseg.hu\/wp-content\/uploads\/2022\/12\/palczer7-scaled.jpg 1920w\" sizes=\"auto, (max-width: 768px) 100vw, 768px\" \/><\/figure>\n","protected":false},"excerpt":{"rendered":"<p>Kedves Bar\u00e1taink! Szomor\u00faan tudatjuk veletek, hogy \u00c9desap\u00e1nk a kora d\u00e9lel\u0151tti \u00f3r\u00e1kban csendben t\u00e1vozott k\u00f6z\u00fcl\u00fcnk. A temet\u00e9sr\u0151l k\u00e9s\u0151bb t\u00e1j\u00e9koztatunk titeket! Viktor, Zsolt Dear friends! We are&hellip;<\/p>\n","protected":false},"author":1,"featured_media":1939,"comment_status":"closed","ping_status":"open","sticky":false,"template":"","format":"standard","meta":{"footnotes":""},"categories":[1],"tags":[],"class_list":["post-1938","post","type-post","status-publish","format-standard","has-post-thumbnail","hentry","category-egyeb"],"_links":{"self":[{"href":"https:\/\/nemzetorseg.hu\/index.php?rest_route=\/wp\/v2\/posts\/1938","targetHints":{"allow":["GET"]}}],"collection":[{"href":"https:\/\/nemzetorseg.hu\/index.php?rest_route=\/wp\/v2\/posts"}],"about":[{"href":"https:\/\/nemzetorseg.hu\/index.php?rest_route=\/wp\/v2\/types\/post"}],"author":[{"embeddable":true,"href":"https:\/\/nemzetorseg.hu\/index.php?rest_route=\/wp\/v2\/users\/1"}],"replies":[{"embeddable":true,"href":"https:\/\/nemzetorseg.hu\/index.php?rest_route=%2Fwp%2Fv2%2Fcomments&post=1938"}],"version-history":[{"count":1,"href":"https:\/\/nemzetorseg.hu\/index.php?rest_route=\/wp\/v2\/posts\/1938\/revisions"}],"predecessor-version":[{"id":1946,"href":"https:\/\/nemzetorseg.hu\/index.php?rest_route=\/wp\/v2\/posts\/1938\/revisions\/1946"}],"wp:featuredmedia":[{"embeddable":true,"href":"https:\/\/nemzetorseg.hu\/index.php?rest_route=\/wp\/v2\/media\/1939"}],"wp:attachment":[{"href":"https:\/\/nemzetorseg.hu\/index.php?rest_route=%2Fwp%2Fv2%2Fmedia&parent=1938"}],"wp:term":[{"taxonomy":"category","embeddable":true,"href":"https:\/\/nemzetorseg.hu\/index.php?rest_route=%2Fwp%2Fv2%2Fcategories&post=1938"},{"taxonomy":"post_tag","embeddable":true,"href":"https:\/\/nemzetorseg.hu\/index.php?rest_route=%2Fwp%2Fv2%2Ftags&post=1938"}],"curies":[{"name":"wp","href":"https:\/\/api.w.org\/{rel}","templated":true}]}}