{"id":1787,"date":"2022-08-23T10:34:12","date_gmt":"2022-08-23T10:34:12","guid":{"rendered":"http:\/\/nemzetorseg.hu\/?p=1787"},"modified":"2022-08-23T10:35:32","modified_gmt":"2022-08-23T10:35:32","slug":"2022-junius-16-martirok-emleknapja-gyorben","status":"publish","type":"post","link":"https:\/\/nemzetorseg.hu\/?p=1787","title":{"rendered":"2022. j\u00fanius 16. M\u00e1rt\u00edrok Eml\u00e9knapja Gy\u0151rben."},"content":{"rendered":"\n<p>2022. j\u00fanius 16-\u00e1n, az 1958. j\u00fanius 16-\u00e1n kiv\u00e9gzett Nagy Imre m\u00e1rt\u00edr minisztereln\u00f6kre eml\u00e9kezt\u00fcnk \u00e9s gy\u0151ri eml\u00e9kt\u00e1bl\u00e1j\u00e1n\u00e1l koszor\u00fat elhelyezve tisztelegt\u00fcnk eml\u00e9ke \u00e9s \u00e1ldozata el\u0151tt! Majd \u00f6nkorm\u00e1nyzati szervez\u00e9s hi\u00e1ny\u00e1ban t\u00f6bb civil szervezet \u00f6sszefog\u00e1s\u00e1val 2022. j\u00fanius 16-\u00e1n, az 1956-os m\u00e1rt\u00edrok eml\u00e9knapj\u00e1n Gy\u0151rben a Golgota-eml\u00e9km\u0171n\u00e9l csendes megeml\u00e9kez\u00e9st \u00e9s koszor\u00faz\u00e1st tartottunk a Szigethy Attila T\u00e1rsas\u00e1g szervez\u00e9s\u00e9ben, a Magyar Nemzet\u0151rs\u00e9g &#8222;T\u00f6r\u00f6k Istv\u00e1n&#8221; Gy\u0151r-Moson-Sopron Megyei Sz\u00f6vets\u00e9ge, az Orsz\u00e1gos Nyugd\u00edjas Polg\u00e1ri Egyes\u00fclet, a Szent L\u00e1z\u00e1r Lovagrend, a Vit\u00e9zi Rend \u00e9s a POFOSZ k\u00f6zrem\u0171k\u00f6d\u00e9s\u00e9vel. Dics\u0151s\u00e9g a m\u00e1rt\u00edroknak! K\u00f6sz\u00f6net a f\u00e9nyk\u00e9peket k\u00e9sz\u00edt\u0151 vit\u00e9z Peterdy Gy\u00f6rgy nemzetes \u00darnak!<\/p>\n\n\n\n<figure class=\"wp-block-image size-large\"><img loading=\"lazy\" decoding=\"async\" width=\"1024\" height=\"683\" src=\"http:\/\/nemzetorseg.hu\/wp-content\/uploads\/2022\/08\/286248483_2372590329546784_4311080193056322533_n-1024x683.jpg\" alt=\"\" class=\"wp-image-1788\" srcset=\"https:\/\/nemzetorseg.hu\/wp-content\/uploads\/2022\/08\/286248483_2372590329546784_4311080193056322533_n-1024x683.jpg 1024w, https:\/\/nemzetorseg.hu\/wp-content\/uploads\/2022\/08\/286248483_2372590329546784_4311080193056322533_n-300x200.jpg 300w, https:\/\/nemzetorseg.hu\/wp-content\/uploads\/2022\/08\/286248483_2372590329546784_4311080193056322533_n-768x512.jpg 768w, https:\/\/nemzetorseg.hu\/wp-content\/uploads\/2022\/08\/286248483_2372590329546784_4311080193056322533_n-1536x1024.jpg 1536w, https:\/\/nemzetorseg.hu\/wp-content\/uploads\/2022\/08\/286248483_2372590329546784_4311080193056322533_n.jpg 2048w\" sizes=\"auto, (max-width: 1024px) 100vw, 1024px\" \/><\/figure>\n\n\n\n<figure class=\"wp-block-image size-large\"><img loading=\"lazy\" decoding=\"async\" width=\"1024\" height=\"683\" src=\"http:\/\/nemzetorseg.hu\/wp-content\/uploads\/2022\/08\/286799691_2372590572880093_175554727662962022_n-1024x683.jpg\" alt=\"\" class=\"wp-image-1789\" srcset=\"https:\/\/nemzetorseg.hu\/wp-content\/uploads\/2022\/08\/286799691_2372590572880093_175554727662962022_n-1024x683.jpg 1024w, https:\/\/nemzetorseg.hu\/wp-content\/uploads\/2022\/08\/286799691_2372590572880093_175554727662962022_n-300x200.jpg 300w, https:\/\/nemzetorseg.hu\/wp-content\/uploads\/2022\/08\/286799691_2372590572880093_175554727662962022_n-768x512.jpg 768w, https:\/\/nemzetorseg.hu\/wp-content\/uploads\/2022\/08\/286799691_2372590572880093_175554727662962022_n-1536x1024.jpg 1536w, https:\/\/nemzetorseg.hu\/wp-content\/uploads\/2022\/08\/286799691_2372590572880093_175554727662962022_n.jpg 2048w\" sizes=\"auto, (max-width: 1024px) 100vw, 1024px\" \/><\/figure>\n\n\n\n<figure class=\"wp-block-image size-large\"><img loading=\"lazy\" decoding=\"async\" width=\"683\" height=\"1024\" src=\"http:\/\/nemzetorseg.hu\/wp-content\/uploads\/2022\/08\/287029935_2372590289546788_2015942051672886304_n-683x1024.jpg\" alt=\"\" class=\"wp-image-1790\" srcset=\"https:\/\/nemzetorseg.hu\/wp-content\/uploads\/2022\/08\/287029935_2372590289546788_2015942051672886304_n-683x1024.jpg 683w, https:\/\/nemzetorseg.hu\/wp-content\/uploads\/2022\/08\/287029935_2372590289546788_2015942051672886304_n-200x300.jpg 200w, https:\/\/nemzetorseg.hu\/wp-content\/uploads\/2022\/08\/287029935_2372590289546788_2015942051672886304_n-768x1152.jpg 768w, https:\/\/nemzetorseg.hu\/wp-content\/uploads\/2022\/08\/287029935_2372590289546788_2015942051672886304_n-1024x1536.jpg 1024w, https:\/\/nemzetorseg.hu\/wp-content\/uploads\/2022\/08\/287029935_2372590289546788_2015942051672886304_n.jpg 1365w\" sizes=\"auto, (max-width: 683px) 100vw, 683px\" \/><\/figure>\n\n\n\n<figure class=\"wp-block-image size-large\"><img loading=\"lazy\" decoding=\"async\" width=\"461\" height=\"1024\" src=\"http:\/\/nemzetorseg.hu\/wp-content\/uploads\/2022\/08\/287117180_2372585322880618_4182438887562386617_n-461x1024.jpg\" alt=\"\" class=\"wp-image-1791\" srcset=\"https:\/\/nemzetorseg.hu\/wp-content\/uploads\/2022\/08\/287117180_2372585322880618_4182438887562386617_n-461x1024.jpg 461w, https:\/\/nemzetorseg.hu\/wp-content\/uploads\/2022\/08\/287117180_2372585322880618_4182438887562386617_n-135x300.jpg 135w, https:\/\/nemzetorseg.hu\/wp-content\/uploads\/2022\/08\/287117180_2372585322880618_4182438887562386617_n-768x1706.jpg 768w, https:\/\/nemzetorseg.hu\/wp-content\/uploads\/2022\/08\/287117180_2372585322880618_4182438887562386617_n-692x1536.jpg 692w, https:\/\/nemzetorseg.hu\/wp-content\/uploads\/2022\/08\/287117180_2372585322880618_4182438887562386617_n.jpg 922w\" sizes=\"auto, (max-width: 461px) 100vw, 461px\" \/><\/figure>\n\n\n\n<figure class=\"wp-block-image size-large\"><img loading=\"lazy\" decoding=\"async\" width=\"461\" height=\"1024\" src=\"http:\/\/nemzetorseg.hu\/wp-content\/uploads\/2022\/08\/287315896_2372585326213951_2154205577415859870_n-461x1024.jpg\" alt=\"\" class=\"wp-image-1792\" srcset=\"https:\/\/nemzetorseg.hu\/wp-content\/uploads\/2022\/08\/287315896_2372585326213951_2154205577415859870_n-461x1024.jpg 461w, https:\/\/nemzetorseg.hu\/wp-content\/uploads\/2022\/08\/287315896_2372585326213951_2154205577415859870_n-135x300.jpg 135w, https:\/\/nemzetorseg.hu\/wp-content\/uploads\/2022\/08\/287315896_2372585326213951_2154205577415859870_n-768x1706.jpg 768w, https:\/\/nemzetorseg.hu\/wp-content\/uploads\/2022\/08\/287315896_2372585326213951_2154205577415859870_n-692x1536.jpg 692w, https:\/\/nemzetorseg.hu\/wp-content\/uploads\/2022\/08\/287315896_2372585326213951_2154205577415859870_n.jpg 922w\" sizes=\"auto, (max-width: 461px) 100vw, 461px\" \/><\/figure>\n\n\n\n<figure class=\"wp-block-image size-large\"><img loading=\"lazy\" decoding=\"async\" width=\"1024\" height=\"683\" src=\"http:\/\/nemzetorseg.hu\/wp-content\/uploads\/2022\/08\/287397377_2372590556213428_3399060359218139760_n-1024x683.jpg\" alt=\"\" class=\"wp-image-1793\" srcset=\"https:\/\/nemzetorseg.hu\/wp-content\/uploads\/2022\/08\/287397377_2372590556213428_3399060359218139760_n-1024x683.jpg 1024w, https:\/\/nemzetorseg.hu\/wp-content\/uploads\/2022\/08\/287397377_2372590556213428_3399060359218139760_n-300x200.jpg 300w, https:\/\/nemzetorseg.hu\/wp-content\/uploads\/2022\/08\/287397377_2372590556213428_3399060359218139760_n-768x512.jpg 768w, https:\/\/nemzetorseg.hu\/wp-content\/uploads\/2022\/08\/287397377_2372590556213428_3399060359218139760_n-1536x1024.jpg 1536w, https:\/\/nemzetorseg.hu\/wp-content\/uploads\/2022\/08\/287397377_2372590556213428_3399060359218139760_n.jpg 2048w\" sizes=\"auto, (max-width: 1024px) 100vw, 1024px\" \/><\/figure>\n\n\n\n<figure class=\"wp-block-image size-large\"><img loading=\"lazy\" decoding=\"async\" width=\"683\" height=\"1024\" src=\"http:\/\/nemzetorseg.hu\/wp-content\/uploads\/2022\/08\/287454730_2372590326213451_8939834662140730251_n-683x1024.jpg\" alt=\"\" class=\"wp-image-1794\" srcset=\"https:\/\/nemzetorseg.hu\/wp-content\/uploads\/2022\/08\/287454730_2372590326213451_8939834662140730251_n-683x1024.jpg 683w, https:\/\/nemzetorseg.hu\/wp-content\/uploads\/2022\/08\/287454730_2372590326213451_8939834662140730251_n-200x300.jpg 200w, https:\/\/nemzetorseg.hu\/wp-content\/uploads\/2022\/08\/287454730_2372590326213451_8939834662140730251_n-768x1152.jpg 768w, https:\/\/nemzetorseg.hu\/wp-content\/uploads\/2022\/08\/287454730_2372590326213451_8939834662140730251_n-1024x1536.jpg 1024w, https:\/\/nemzetorseg.hu\/wp-content\/uploads\/2022\/08\/287454730_2372590326213451_8939834662140730251_n.jpg 1365w\" sizes=\"auto, (max-width: 683px) 100vw, 683px\" \/><\/figure>\n","protected":false},"excerpt":{"rendered":"<p>2022. j\u00fanius 16-\u00e1n, az 1958. j\u00fanius 16-\u00e1n kiv\u00e9gzett Nagy Imre m\u00e1rt\u00edr minisztereln\u00f6kre eml\u00e9kezt\u00fcnk \u00e9s gy\u0151ri eml\u00e9kt\u00e1bl\u00e1j\u00e1n\u00e1l koszor\u00fat elhelyezve tisztelegt\u00fcnk eml\u00e9ke \u00e9s \u00e1ldozata el\u0151tt! Majd \u00f6nkorm\u00e1nyzati&hellip;<\/p>\n","protected":false},"author":1,"featured_media":1795,"comment_status":"closed","ping_status":"open","sticky":false,"template":"","format":"standard","meta":{"footnotes":""},"categories":[1],"tags":[],"class_list":["post-1787","post","type-post","status-publish","format-standard","has-post-thumbnail","hentry","category-egyeb"],"_links":{"self":[{"href":"https:\/\/nemzetorseg.hu\/index.php?rest_route=\/wp\/v2\/posts\/1787","targetHints":{"allow":["GET"]}}],"collection":[{"href":"https:\/\/nemzetorseg.hu\/index.php?rest_route=\/wp\/v2\/posts"}],"about":[{"href":"https:\/\/nemzetorseg.hu\/index.php?rest_route=\/wp\/v2\/types\/post"}],"author":[{"embeddable":true,"href":"https:\/\/nemzetorseg.hu\/index.php?rest_route=\/wp\/v2\/users\/1"}],"replies":[{"embeddable":true,"href":"https:\/\/nemzetorseg.hu\/index.php?rest_route=%2Fwp%2Fv2%2Fcomments&post=1787"}],"version-history":[{"count":1,"href":"https:\/\/nemzetorseg.hu\/index.php?rest_route=\/wp\/v2\/posts\/1787\/revisions"}],"predecessor-version":[{"id":1796,"href":"https:\/\/nemzetorseg.hu\/index.php?rest_route=\/wp\/v2\/posts\/1787\/revisions\/1796"}],"wp:featuredmedia":[{"embeddable":true,"href":"https:\/\/nemzetorseg.hu\/index.php?rest_route=\/wp\/v2\/media\/1795"}],"wp:attachment":[{"href":"https:\/\/nemzetorseg.hu\/index.php?rest_route=%2Fwp%2Fv2%2Fmedia&parent=1787"}],"wp:term":[{"taxonomy":"category","embeddable":true,"href":"https:\/\/nemzetorseg.hu\/index.php?rest_route=%2Fwp%2Fv2%2Fcategories&post=1787"},{"taxonomy":"post_tag","embeddable":true,"href":"https:\/\/nemzetorseg.hu\/index.php?rest_route=%2Fwp%2Fv2%2Ftags&post=1787"}],"curies":[{"name":"wp","href":"https:\/\/api.w.org\/{rel}","templated":true}]}}