{"id":1687,"date":"2022-08-21T13:28:22","date_gmt":"2022-08-21T13:28:22","guid":{"rendered":"http:\/\/nemzetorseg.hu\/?p=1687"},"modified":"2022-08-21T13:30:14","modified_gmt":"2022-08-21T13:30:14","slug":"2022-marcius-23-lengyel-magyar-baratsag-napja-gyorben","status":"publish","type":"post","link":"https:\/\/nemzetorseg.hu\/?p=1687","title":{"rendered":"2022. m\u00e1rcius 23. Lengyel &#8211; Magyar Bar\u00e1ts\u00e1g Napja Gy\u0151rben"},"content":{"rendered":"\n<p>2022. m\u00e1rcius 23-\u00e1n Gy\u0151rben, a Bem t\u00e9ren a Gy\u0151ri Lengyel Nemzetis\u00e9gi \u00d6nkorm\u00e1nyzat szervez\u00e9s\u00e9ben \u00fcnnepi koszor\u00faz\u00e1si \u00fcnneps\u00e9g volt a Lengyel &#8211; Magyar Bar\u00e1ts\u00e1g Napja alkalm\u00e1b\u00f3l. K\u00f6sz\u00f6nt\u0151ket mondott dr. Pergel Elza Gy\u0151r Megyei Jog\u00fa V\u00e1ros alpolg\u00e1rmestere, valamint Andrzej R. Kalinovski \u00dar, a Lengyel Nagyk\u00f6vets\u00e9g konzulja \u00e9s Kolonics P\u00e9ter \u00dar, a Gy\u0151ri Lengyel Nemzetis\u00e9gi \u00d6nkorm\u00e1nyzat eln\u00f6ke. R\u00e9szt vettek az \u00fcnneps\u00e9gen \u00e9s koszor\u00faztak a Magyar Nemzet\u0151rs\u00e9g &#8222;T\u00f6r\u00f6k Istv\u00e1n&#8221; Gy\u0151r-Moson-Sopron Megyei Sz\u00f6vets\u00e9ge k\u00e9pviselet\u00e9ben dr. vit\u00e9z Czap\u00e1ry-Martincsevics Andr\u00e1s nemzet\u0151r alt\u00e1bornagy, a Sz\u00f6vets\u00e9g eln\u00f6ke, Gerendi Attila nemzet\u0151r dand\u00e1rt\u00e1bornok, aleln\u00f6k, B\u00fcki Lajos nemzet\u0151r vez\u00e9r\u0151rnagy, valamint Vlasics Anna nemzet\u0151r f\u0151t\u00f6rzsz\u00e1szl\u00f3s \u00e9s S\u00e1ndorfi Ferenc nemzet\u0151r t\u00f6rzsz\u00e1szl\u00f3s.<\/p>\n\n\n\n<figure class=\"wp-block-image size-large\"><img loading=\"lazy\" decoding=\"async\" width=\"683\" height=\"1024\" src=\"http:\/\/nemzetorseg.hu\/wp-content\/uploads\/2022\/08\/Meghivo-2022_03_23-Lengyel-Magyar-Baratsag-Napja-683x1024.jpg\" alt=\"\" class=\"wp-image-1688\" srcset=\"https:\/\/nemzetorseg.hu\/wp-content\/uploads\/2022\/08\/Meghivo-2022_03_23-Lengyel-Magyar-Baratsag-Napja-683x1024.jpg 683w, https:\/\/nemzetorseg.hu\/wp-content\/uploads\/2022\/08\/Meghivo-2022_03_23-Lengyel-Magyar-Baratsag-Napja-200x300.jpg 200w, https:\/\/nemzetorseg.hu\/wp-content\/uploads\/2022\/08\/Meghivo-2022_03_23-Lengyel-Magyar-Baratsag-Napja-768x1152.jpg 768w, https:\/\/nemzetorseg.hu\/wp-content\/uploads\/2022\/08\/Meghivo-2022_03_23-Lengyel-Magyar-Baratsag-Napja.jpg 960w\" sizes=\"auto, (max-width: 683px) 100vw, 683px\" \/><\/figure>\n\n\n\n<figure class=\"wp-block-image size-large\"><img loading=\"lazy\" decoding=\"async\" width=\"768\" height=\"1024\" src=\"http:\/\/nemzetorseg.hu\/wp-content\/uploads\/2022\/08\/275949069_1272067676535236_2055782060167200415_n-768x1024.jpg\" alt=\"\" class=\"wp-image-1689\" srcset=\"https:\/\/nemzetorseg.hu\/wp-content\/uploads\/2022\/08\/275949069_1272067676535236_2055782060167200415_n-768x1024.jpg 768w, https:\/\/nemzetorseg.hu\/wp-content\/uploads\/2022\/08\/275949069_1272067676535236_2055782060167200415_n-225x300.jpg 225w, https:\/\/nemzetorseg.hu\/wp-content\/uploads\/2022\/08\/275949069_1272067676535236_2055782060167200415_n-1152x1536.jpg 1152w, https:\/\/nemzetorseg.hu\/wp-content\/uploads\/2022\/08\/275949069_1272067676535236_2055782060167200415_n.jpg 1536w\" sizes=\"auto, (max-width: 768px) 100vw, 768px\" \/><\/figure>\n\n\n\n<figure class=\"wp-block-image size-large\"><img loading=\"lazy\" decoding=\"async\" width=\"480\" height=\"640\" src=\"http:\/\/nemzetorseg.hu\/wp-content\/uploads\/2022\/08\/IMG_1390-rotated.jpg\" alt=\"\" class=\"wp-image-1690\" srcset=\"https:\/\/nemzetorseg.hu\/wp-content\/uploads\/2022\/08\/IMG_1390-rotated.jpg 480w, https:\/\/nemzetorseg.hu\/wp-content\/uploads\/2022\/08\/IMG_1390-225x300.jpg 225w\" sizes=\"auto, (max-width: 480px) 100vw, 480px\" \/><\/figure>\n\n\n\n<figure class=\"wp-block-image size-large\"><img loading=\"lazy\" decoding=\"async\" width=\"1024\" height=\"682\" src=\"http:\/\/nemzetorseg.hu\/wp-content\/uploads\/2022\/08\/P1060517-1024x682.jpg\" alt=\"\" class=\"wp-image-1691\" srcset=\"https:\/\/nemzetorseg.hu\/wp-content\/uploads\/2022\/08\/P1060517-1024x682.jpg 1024w, https:\/\/nemzetorseg.hu\/wp-content\/uploads\/2022\/08\/P1060517-300x200.jpg 300w, https:\/\/nemzetorseg.hu\/wp-content\/uploads\/2022\/08\/P1060517-768x511.jpg 768w, https:\/\/nemzetorseg.hu\/wp-content\/uploads\/2022\/08\/P1060517-1536x1022.jpg 1536w, https:\/\/nemzetorseg.hu\/wp-content\/uploads\/2022\/08\/P1060517-2048x1363.jpg 2048w\" sizes=\"auto, (max-width: 1024px) 100vw, 1024px\" \/><\/figure>\n","protected":false},"excerpt":{"rendered":"<p>2022. m\u00e1rcius 23-\u00e1n Gy\u0151rben, a Bem t\u00e9ren a Gy\u0151ri Lengyel Nemzetis\u00e9gi \u00d6nkorm\u00e1nyzat szervez\u00e9s\u00e9ben \u00fcnnepi koszor\u00faz\u00e1si \u00fcnneps\u00e9g volt a Lengyel &#8211; Magyar Bar\u00e1ts\u00e1g Napja alkalm\u00e1b\u00f3l. K\u00f6sz\u00f6nt\u0151ket&hellip;<\/p>\n","protected":false},"author":1,"featured_media":1688,"comment_status":"closed","ping_status":"open","sticky":false,"template":"","format":"standard","meta":{"footnotes":""},"categories":[1],"tags":[],"class_list":["post-1687","post","type-post","status-publish","format-standard","has-post-thumbnail","hentry","category-egyeb"],"_links":{"self":[{"href":"https:\/\/nemzetorseg.hu\/index.php?rest_route=\/wp\/v2\/posts\/1687","targetHints":{"allow":["GET"]}}],"collection":[{"href":"https:\/\/nemzetorseg.hu\/index.php?rest_route=\/wp\/v2\/posts"}],"about":[{"href":"https:\/\/nemzetorseg.hu\/index.php?rest_route=\/wp\/v2\/types\/post"}],"author":[{"embeddable":true,"href":"https:\/\/nemzetorseg.hu\/index.php?rest_route=\/wp\/v2\/users\/1"}],"replies":[{"embeddable":true,"href":"https:\/\/nemzetorseg.hu\/index.php?rest_route=%2Fwp%2Fv2%2Fcomments&post=1687"}],"version-history":[{"count":1,"href":"https:\/\/nemzetorseg.hu\/index.php?rest_route=\/wp\/v2\/posts\/1687\/revisions"}],"predecessor-version":[{"id":1692,"href":"https:\/\/nemzetorseg.hu\/index.php?rest_route=\/wp\/v2\/posts\/1687\/revisions\/1692"}],"wp:featuredmedia":[{"embeddable":true,"href":"https:\/\/nemzetorseg.hu\/index.php?rest_route=\/wp\/v2\/media\/1688"}],"wp:attachment":[{"href":"https:\/\/nemzetorseg.hu\/index.php?rest_route=%2Fwp%2Fv2%2Fmedia&parent=1687"}],"wp:term":[{"taxonomy":"category","embeddable":true,"href":"https:\/\/nemzetorseg.hu\/index.php?rest_route=%2Fwp%2Fv2%2Fcategories&post=1687"},{"taxonomy":"post_tag","embeddable":true,"href":"https:\/\/nemzetorseg.hu\/index.php?rest_route=%2Fwp%2Fv2%2Ftags&post=1687"}],"curies":[{"name":"wp","href":"https:\/\/api.w.org\/{rel}","templated":true}]}}