{"id":1635,"date":"2022-03-27T15:44:33","date_gmt":"2022-03-27T15:44:33","guid":{"rendered":"http:\/\/nemzetorseg.hu\/?p=1635"},"modified":"2022-03-27T15:44:59","modified_gmt":"2022-03-27T15:44:59","slug":"osszefogasban-a-jovonk-ismet-dolgoznak-a-nemzetorok-tolna-megyeben","status":"publish","type":"post","link":"https:\/\/nemzetorseg.hu\/?p=1635","title":{"rendered":"\u00d6sszefog\u00e1sban a j\u00f6v\u0151nk!! Ism\u00e9t dolgoznak a Nemzet\u0151r\u00f6k Tolna megy\u00e9ben."},"content":{"rendered":"\n<p>\u00d6sszefog\u00e1sban a j\u00f6v\u0151nk!! Ism\u00e9t dolgoznak a Nemzet\u0151r\u00f6k, felt\u00f6ltj\u00fck a rakt\u00e1rakat. Ebben az \u00e9vben, j\u00faniusban lesz az els\u0151 oszt\u00e1s. Adom\u00e1nyokat sz\u00edvesen fogadunk. B\u00fcszke vagyok a Nemzet\u0151reimre, mert az orsz\u00e1gba egyed\u00fcl\u00e1ll\u00f3 csapatom van, akik eg\u00e9sz \u00e9vben dolgoznak. M\u00e1rciusban kezd\u0151dnek a koszor\u00faz\u00e1sok, megeml\u00e9kez\u00e9sek, amelyb\u0151l 12 van. Tisztelettel lovag Varga Gyula n\u0151r. vez\u00e9r\u0151rnagy!<\/p>\n\n\n\n<figure class=\"wp-block-image size-large\"><img loading=\"lazy\" decoding=\"async\" width=\"448\" height=\"816\" src=\"http:\/\/nemzetorseg.hu\/wp-content\/uploads\/2022\/03\/adomanygy1.jpg\" alt=\"\" class=\"wp-image-1636\" srcset=\"https:\/\/nemzetorseg.hu\/wp-content\/uploads\/2022\/03\/adomanygy1.jpg 448w, https:\/\/nemzetorseg.hu\/wp-content\/uploads\/2022\/03\/adomanygy1-165x300.jpg 165w\" sizes=\"auto, (max-width: 448px) 100vw, 448px\" \/><\/figure>\n\n\n\n<figure class=\"wp-block-image size-large\"><img loading=\"lazy\" decoding=\"async\" width=\"816\" height=\"459\" src=\"http:\/\/nemzetorseg.hu\/wp-content\/uploads\/2022\/03\/adomanygy2.jpg\" alt=\"\" class=\"wp-image-1637\" srcset=\"https:\/\/nemzetorseg.hu\/wp-content\/uploads\/2022\/03\/adomanygy2.jpg 816w, https:\/\/nemzetorseg.hu\/wp-content\/uploads\/2022\/03\/adomanygy2-300x169.jpg 300w, https:\/\/nemzetorseg.hu\/wp-content\/uploads\/2022\/03\/adomanygy2-768x432.jpg 768w\" sizes=\"auto, (max-width: 816px) 100vw, 816px\" \/><\/figure>\n\n\n\n<figure class=\"wp-block-image size-large\"><img loading=\"lazy\" decoding=\"async\" width=\"1024\" height=\"766\" src=\"http:\/\/nemzetorseg.hu\/wp-content\/uploads\/2022\/03\/adomanygy3-1024x766.jpg\" alt=\"\" class=\"wp-image-1638\" srcset=\"https:\/\/nemzetorseg.hu\/wp-content\/uploads\/2022\/03\/adomanygy3-1024x766.jpg 1024w, https:\/\/nemzetorseg.hu\/wp-content\/uploads\/2022\/03\/adomanygy3-300x224.jpg 300w, https:\/\/nemzetorseg.hu\/wp-content\/uploads\/2022\/03\/adomanygy3-768x575.jpg 768w, https:\/\/nemzetorseg.hu\/wp-content\/uploads\/2022\/03\/adomanygy3-1536x1149.jpg 1536w, https:\/\/nemzetorseg.hu\/wp-content\/uploads\/2022\/03\/adomanygy3.jpg 2048w\" sizes=\"auto, (max-width: 1024px) 100vw, 1024px\" \/><\/figure>\n\n\n\n<figure class=\"wp-block-image size-large\"><img loading=\"lazy\" decoding=\"async\" width=\"766\" height=\"1024\" src=\"http:\/\/nemzetorseg.hu\/wp-content\/uploads\/2022\/03\/adomanygy4-766x1024.jpg\" alt=\"\" class=\"wp-image-1639\" srcset=\"https:\/\/nemzetorseg.hu\/wp-content\/uploads\/2022\/03\/adomanygy4-766x1024.jpg 766w, https:\/\/nemzetorseg.hu\/wp-content\/uploads\/2022\/03\/adomanygy4-224x300.jpg 224w, https:\/\/nemzetorseg.hu\/wp-content\/uploads\/2022\/03\/adomanygy4-768x1027.jpg 768w, https:\/\/nemzetorseg.hu\/wp-content\/uploads\/2022\/03\/adomanygy4-1149x1536.jpg 1149w, https:\/\/nemzetorseg.hu\/wp-content\/uploads\/2022\/03\/adomanygy4.jpg 1532w\" sizes=\"auto, (max-width: 766px) 100vw, 766px\" \/><\/figure>\n","protected":false},"excerpt":{"rendered":"<p>\u00d6sszefog\u00e1sban a j\u00f6v\u0151nk!! Ism\u00e9t dolgoznak a Nemzet\u0151r\u00f6k, felt\u00f6ltj\u00fck a rakt\u00e1rakat. Ebben az \u00e9vben, j\u00faniusban lesz az els\u0151 oszt\u00e1s. Adom\u00e1nyokat sz\u00edvesen fogadunk. B\u00fcszke vagyok a Nemzet\u0151reimre,&hellip;<\/p>\n","protected":false},"author":1,"featured_media":1638,"comment_status":"closed","ping_status":"open","sticky":false,"template":"","format":"standard","meta":{"footnotes":""},"categories":[1],"tags":[],"class_list":["post-1635","post","type-post","status-publish","format-standard","has-post-thumbnail","hentry","category-egyeb"],"_links":{"self":[{"href":"https:\/\/nemzetorseg.hu\/index.php?rest_route=\/wp\/v2\/posts\/1635","targetHints":{"allow":["GET"]}}],"collection":[{"href":"https:\/\/nemzetorseg.hu\/index.php?rest_route=\/wp\/v2\/posts"}],"about":[{"href":"https:\/\/nemzetorseg.hu\/index.php?rest_route=\/wp\/v2\/types\/post"}],"author":[{"embeddable":true,"href":"https:\/\/nemzetorseg.hu\/index.php?rest_route=\/wp\/v2\/users\/1"}],"replies":[{"embeddable":true,"href":"https:\/\/nemzetorseg.hu\/index.php?rest_route=%2Fwp%2Fv2%2Fcomments&post=1635"}],"version-history":[{"count":1,"href":"https:\/\/nemzetorseg.hu\/index.php?rest_route=\/wp\/v2\/posts\/1635\/revisions"}],"predecessor-version":[{"id":1640,"href":"https:\/\/nemzetorseg.hu\/index.php?rest_route=\/wp\/v2\/posts\/1635\/revisions\/1640"}],"wp:featuredmedia":[{"embeddable":true,"href":"https:\/\/nemzetorseg.hu\/index.php?rest_route=\/wp\/v2\/media\/1638"}],"wp:attachment":[{"href":"https:\/\/nemzetorseg.hu\/index.php?rest_route=%2Fwp%2Fv2%2Fmedia&parent=1635"}],"wp:term":[{"taxonomy":"category","embeddable":true,"href":"https:\/\/nemzetorseg.hu\/index.php?rest_route=%2Fwp%2Fv2%2Fcategories&post=1635"},{"taxonomy":"post_tag","embeddable":true,"href":"https:\/\/nemzetorseg.hu\/index.php?rest_route=%2Fwp%2Fv2%2Ftags&post=1635"}],"curies":[{"name":"wp","href":"https:\/\/api.w.org\/{rel}","templated":true}]}}