{"id":235,"date":"2019-05-07T17:19:02","date_gmt":"2019-05-07T17:19:02","guid":{"rendered":"http:\/\/nemzetorseg.hu\/?p=235"},"modified":"2019-05-07T17:20:46","modified_gmt":"2019-05-07T17:20:46","slug":"doni-attoresben-es-a-ii-vilaghaboruban-hosi-halalt-haltak-emlekere-megemlekezes-volt-gyorott-az-esterhazy-palotaban","status":"publish","type":"post","link":"http:\/\/nemzetorseg.hu\/?p=235","title":{"rendered":"Doni \u00e1tt\u00f6r\u00e9sben \u00e9s a II. vil\u00e1gh\u00e1bor\u00faban h\u0151si hal\u00e1lt haltak eml\u00e9k\u00e9re megeml\u00e9kez\u00e9s volt Gy\u0151r\u00f6tt, az Esterh\u00e1zy-palot\u00e1ban."},"content":{"rendered":"\n<p>A Honv\u00e9d Hagyom\u00e1ny\u0151rz\u0151 Egyes\u00fclet szervez\u00e9s\u00e9ben 2019. janu\u00e1r 12-\u00e9n a Gy\u0151ri \u00d6nkorm\u00e1nyzat, a fegyveres test\u00fcletek \u00e9s a hagyom\u00e1ny\u0151rz\u0151 egyes\u00fcletek t\u00f6meges r\u00e9szv\u00e9tel\u00e9vel, a 76 \u00e9vvel ezel\u0151tt, 1943. janu\u00e1r 12-\u00e9n kezd\u0151d\u00f6tt doni \u00e1tt\u00f6r\u00e9sben \u00e9s a II. vil\u00e1gh\u00e1bor\u00faban h\u0151si hal\u00e1lt haltak eml\u00e9k\u00e9re megeml\u00e9kez\u00e9s volt Gy\u0151r\u00f6tt, az Esterh\u00e1zy-palot\u00e1ban. A megeml\u00e9kez\u00e9sen a Sz\u00f6vets\u00e9get Dr. v.l. Czap\u00e1ry-Martincsevics Andr\u00e1s nemzet\u0151r vez\u00e9r\u0151rnagy, eln\u00f6k-parancsnok vezet\u00e9s\u00e9vel deleg\u00e1ci\u00f3 k\u00e9pviselte, melyben helyet kapott Dr. Gell\u00e9rt L\u00e1szl\u00f3 nemzet\u0151r dand\u00e1rt\u00e1bornok, tiszteletbeli eln\u00f6k, Kiss G\u00e9za nemzet\u0151r dand\u00e1rt\u00e1bornok, az Ellen\u0151rz\u0151 Bizotts\u00e1g eln\u00f6ke \u00e9s Gerendi Attila nemzet\u0151r ezredes, aleln\u00f6k. A Sz\u00f6vets\u00e9g nev\u00e9ben eml\u00e9kszalagot helyeztek el a k\u00f6z\u00f6s koszor\u00fan. A f\u00e9nyk\u00e9pek elk\u00e9sz\u00edt\u00e9s\u00e9\u00e9rt k\u00f6sz\u00f6net illeti v. Bogn\u00e1r Imre Tivadart.<\/p>\n\n\n\n<figure class=\"wp-block-image\"><img loading=\"lazy\" decoding=\"async\" width=\"1024\" height=\"696\" src=\"http:\/\/nemzetorseg.hu\/wp-content\/uploads\/2019\/05\/1-1024x696.jpg\" alt=\"\" class=\"wp-image-236\" srcset=\"http:\/\/nemzetorseg.hu\/wp-content\/uploads\/2019\/05\/1-1024x696.jpg 1024w, http:\/\/nemzetorseg.hu\/wp-content\/uploads\/2019\/05\/1-300x204.jpg 300w, http:\/\/nemzetorseg.hu\/wp-content\/uploads\/2019\/05\/1-768x522.jpg 768w, http:\/\/nemzetorseg.hu\/wp-content\/uploads\/2019\/05\/1.jpg 1696w\" sizes=\"auto, (max-width: 1024px) 100vw, 1024px\" \/><\/figure>\n\n\n\n<figure class=\"wp-block-image\"><img loading=\"lazy\" decoding=\"async\" width=\"1024\" height=\"683\" src=\"http:\/\/nemzetorseg.hu\/wp-content\/uploads\/2019\/05\/2-1024x683.jpg\" alt=\"\" class=\"wp-image-237\" srcset=\"http:\/\/nemzetorseg.hu\/wp-content\/uploads\/2019\/05\/2-1024x683.jpg 1024w, http:\/\/nemzetorseg.hu\/wp-content\/uploads\/2019\/05\/2-300x200.jpg 300w, http:\/\/nemzetorseg.hu\/wp-content\/uploads\/2019\/05\/2-768x512.jpg 768w, http:\/\/nemzetorseg.hu\/wp-content\/uploads\/2019\/05\/2.jpg 1620w\" sizes=\"auto, (max-width: 1024px) 100vw, 1024px\" \/><\/figure>\n\n\n\n<figure class=\"wp-block-image\"><img loading=\"lazy\" decoding=\"async\" width=\"1024\" height=\"768\" src=\"http:\/\/nemzetorseg.hu\/wp-content\/uploads\/2019\/05\/3-1024x768.jpg\" alt=\"\" class=\"wp-image-238\" srcset=\"http:\/\/nemzetorseg.hu\/wp-content\/uploads\/2019\/05\/3-1024x768.jpg 1024w, http:\/\/nemzetorseg.hu\/wp-content\/uploads\/2019\/05\/3-300x225.jpg 300w, http:\/\/nemzetorseg.hu\/wp-content\/uploads\/2019\/05\/3-768x576.jpg 768w, http:\/\/nemzetorseg.hu\/wp-content\/uploads\/2019\/05\/3.jpg 1620w\" sizes=\"auto, (max-width: 1024px) 100vw, 1024px\" \/><\/figure>\n","protected":false},"excerpt":{"rendered":"<p>A Honv\u00e9d Hagyom\u00e1ny\u0151rz\u0151 Egyes\u00fclet szervez\u00e9s\u00e9ben 2019. janu\u00e1r 12-\u00e9n a Gy\u0151ri \u00d6nkorm\u00e1nyzat, a fegyveres test\u00fcletek \u00e9s a hagyom\u00e1ny\u0151rz\u0151 egyes\u00fcletek t\u00f6meges r\u00e9szv\u00e9tel\u00e9vel, a 76 \u00e9vvel ezel\u0151tt, 1943.&hellip;<\/p>\n","protected":false},"author":1,"featured_media":241,"comment_status":"closed","ping_status":"open","sticky":false,"template":"","format":"standard","meta":{"footnotes":""},"categories":[1],"tags":[],"class_list":["post-235","post","type-post","status-publish","format-standard","has-post-thumbnail","hentry","category-egyeb"],"_links":{"self":[{"href":"http:\/\/nemzetorseg.hu\/index.php?rest_route=\/wp\/v2\/posts\/235","targetHints":{"allow":["GET"]}}],"collection":[{"href":"http:\/\/nemzetorseg.hu\/index.php?rest_route=\/wp\/v2\/posts"}],"about":[{"href":"http:\/\/nemzetorseg.hu\/index.php?rest_route=\/wp\/v2\/types\/post"}],"author":[{"embeddable":true,"href":"http:\/\/nemzetorseg.hu\/index.php?rest_route=\/wp\/v2\/users\/1"}],"replies":[{"embeddable":true,"href":"http:\/\/nemzetorseg.hu\/index.php?rest_route=%2Fwp%2Fv2%2Fcomments&post=235"}],"version-history":[{"count":1,"href":"http:\/\/nemzetorseg.hu\/index.php?rest_route=\/wp\/v2\/posts\/235\/revisions"}],"predecessor-version":[{"id":239,"href":"http:\/\/nemzetorseg.hu\/index.php?rest_route=\/wp\/v2\/posts\/235\/revisions\/239"}],"wp:featuredmedia":[{"embeddable":true,"href":"http:\/\/nemzetorseg.hu\/index.php?rest_route=\/wp\/v2\/media\/241"}],"wp:attachment":[{"href":"http:\/\/nemzetorseg.hu\/index.php?rest_route=%2Fwp%2Fv2%2Fmedia&parent=235"}],"wp:term":[{"taxonomy":"category","embeddable":true,"href":"http:\/\/nemzetorseg.hu\/index.php?rest_route=%2Fwp%2Fv2%2Fcategories&post=235"},{"taxonomy":"post_tag","embeddable":true,"href":"http:\/\/nemzetorseg.hu\/index.php?rest_route=%2Fwp%2Fv2%2Ftags&post=235"}],"curies":[{"name":"wp","href":"https:\/\/api.w.org\/{rel}","templated":true}]}}