{"id":2126,"date":"2024-01-25T09:26:33","date_gmt":"2024-01-25T09:26:33","guid":{"rendered":"http:\/\/nemzetorseg.hu\/?p=2126"},"modified":"2024-01-25T09:30:16","modified_gmt":"2024-01-25T09:30:16","slug":"elhatarolodas-2","status":"publish","type":"post","link":"http:\/\/nemzetorseg.hu\/?p=2126","title":{"rendered":"Elhat\u00e1rol\u00f3d\u00e1s!"},"content":{"rendered":"\n<p><\/p>\n\n\n\n<p><strong>A MAGYAR NEMZET\u0150R\u00d6K ORSZ\u00c1GOS SZ\u00d6VETS\u00c9GE elhat\u00e1rolja mag\u00e1t a &#8222;Szk\u00edta Magyarorsz\u00e1g&#8221; nev\u0171 csoportosul\u00e1st\u00f3l<\/strong>.<\/p>\n\n\n\n<p>A tegnapi napon a h\u00edrport\u00e1lokban megjelent cikk alapj\u00e1n el\u00edt\u00e9l\u00fcnk minden olyan cselekm\u00e9nyt, amely az alkotm\u00e1nyos rend er\u0151szakos megv\u00e1ltoztat\u00e1s\u00e1ra vagy el\u0151k\u00e9sz\u00fclet\u00e9re ir\u00e1nyul. Az elj\u00e1r\u00e1s al\u00e1 vont szem\u00e9lyek nem \u00e1llnak kapcsolatban a MNOSZ-el, <strong>nem tagjai a MNOSZ-nek<\/strong>.<\/p>\n\n\n\n<p> <\/p>\n\n\n\n<p><\/p>\n\n\n\n<p><strong>Miskolc, 2023.01.25.<\/strong><\/p>\n\n\n\n<p><strong>dr. Doh\u00e1ny Andr\u00e1s<\/strong><\/p>\n\n\n\n<p><strong>MNOSZ eln\u00f6ke<\/strong><\/p>\n","protected":false},"excerpt":{"rendered":"<p>A MAGYAR NEMZET\u0150R\u00d6K ORSZ\u00c1GOS SZ\u00d6VETS\u00c9GE elhat\u00e1rolja mag\u00e1t a &#8222;Szk\u00edta Magyarorsz\u00e1g&#8221; nev\u0171 csoportosul\u00e1st\u00f3l. A tegnapi napon a h\u00edrport\u00e1lokban megjelent cikk alapj\u00e1n el\u00edt\u00e9l\u00fcnk minden olyan cselekm\u00e9nyt, amely&hellip;<\/p>\n","protected":false},"author":1,"featured_media":15,"comment_status":"closed","ping_status":"open","sticky":false,"template":"","format":"standard","meta":{"footnotes":""},"categories":[1],"tags":[],"class_list":["post-2126","post","type-post","status-publish","format-standard","has-post-thumbnail","hentry","category-egyeb"],"_links":{"self":[{"href":"http:\/\/nemzetorseg.hu\/index.php?rest_route=\/wp\/v2\/posts\/2126","targetHints":{"allow":["GET"]}}],"collection":[{"href":"http:\/\/nemzetorseg.hu\/index.php?rest_route=\/wp\/v2\/posts"}],"about":[{"href":"http:\/\/nemzetorseg.hu\/index.php?rest_route=\/wp\/v2\/types\/post"}],"author":[{"embeddable":true,"href":"http:\/\/nemzetorseg.hu\/index.php?rest_route=\/wp\/v2\/users\/1"}],"replies":[{"embeddable":true,"href":"http:\/\/nemzetorseg.hu\/index.php?rest_route=%2Fwp%2Fv2%2Fcomments&post=2126"}],"version-history":[{"count":1,"href":"http:\/\/nemzetorseg.hu\/index.php?rest_route=\/wp\/v2\/posts\/2126\/revisions"}],"predecessor-version":[{"id":2127,"href":"http:\/\/nemzetorseg.hu\/index.php?rest_route=\/wp\/v2\/posts\/2126\/revisions\/2127"}],"wp:featuredmedia":[{"embeddable":true,"href":"http:\/\/nemzetorseg.hu\/index.php?rest_route=\/wp\/v2\/media\/15"}],"wp:attachment":[{"href":"http:\/\/nemzetorseg.hu\/index.php?rest_route=%2Fwp%2Fv2%2Fmedia&parent=2126"}],"wp:term":[{"taxonomy":"category","embeddable":true,"href":"http:\/\/nemzetorseg.hu\/index.php?rest_route=%2Fwp%2Fv2%2Fcategories&post=2126"},{"taxonomy":"post_tag","embeddable":true,"href":"http:\/\/nemzetorseg.hu\/index.php?rest_route=%2Fwp%2Fv2%2Ftags&post=2126"}],"curies":[{"name":"wp","href":"https:\/\/api.w.org\/{rel}","templated":true}]}}