{"id":2117,"date":"2023-08-17T09:09:40","date_gmt":"2023-08-17T09:09:40","guid":{"rendered":"http:\/\/nemzetorseg.hu\/?p=2117"},"modified":"2023-08-17T09:10:27","modified_gmt":"2023-08-17T09:10:27","slug":"tolna-varmegyeben-pincehely-nagykozsegben-kerult-sor-a-masodik-vitezek-tiszteletere-allitott-emlektabla-felavatasara","status":"publish","type":"post","link":"http:\/\/nemzetorseg.hu\/?p=2117","title":{"rendered":"Tolna V\u00e1rmegy\u00e9ben Pincehely Nagyk\u00f6zs\u00e9gben ker\u00fclt sor a m\u00e1sodik Vit\u00e9zek tisztelet\u00e9re \u00e1ll\u00edtott eml\u00e9kt\u00e1bla felavat\u00e1s\u00e1ra."},"content":{"rendered":"\n<p>2023. j\u00falius. 14.-\u00e9n Tolna V\u00e1rmegy\u00e9ben Pincehely Nagyk\u00f6zs\u00e9gben ker\u00fclt sor a V\u00e1rmegye m\u00e1sodik Vit\u00e9zek tisztelet\u00e9re \u00e1ll\u00edtott a neveiket tartalmaz\u00f3 eml\u00e9kt\u00e1bla felavat\u00e1s\u00e1ra, amely a Honv\u00e9d Hagyom\u00e1ny\u0151rz\u0151 Egyes\u00fclet Orsz\u00e1gos Szervezet\u00e9nek kezdem\u00e9nyez\u00e9s\u00e9re j\u00f6tt l\u00e9tre \u00e9s Forrai Lajos k\u0151farag\u00f3 mester k\u00e9sz\u00edtett el m\u00e9ghozz\u00e1 teljesen ingyen. Az esem\u00e9ny megszervez\u00e9s\u00e9vel a Tolna V\u00e1rmegyei Nemzet\u0151r Egyes\u00fclet Region\u00e1lis f\u0151parancsnoks\u00e1g\u00e1t b\u00edzt\u00e1k meg. A rendezv\u00e9ny 10:20 \u00f3rakor kezd\u0151d\u00f6tt el kis cs\u00fasz\u00e1ssal. Kezd\u00e9sk\u00e9nt a Himnusz dallamai csend\u00fcltek fel, amit a jelenl\u00e9v\u0151k fel\u00e1llva \u00e9nekelt\u00e9k el \u00e9s t\u00e1rogat\u00f3n kis\u00e9rt Bogn\u00e1r Cecil m\u0171v\u00e9sz \u00far. Ez ut\u00e1n Dr. T\u00f3th Csaba Attila sz\u00f3lt p\u00e1r sz\u00f3t \u00e9s elszavalta a Magyar hiszekegyet. Ezek ut\u00e1n a Pincehelyi \u00f6nkorm\u00e1nyzat r\u00e9sz\u00e9r\u0151l W\u00f3dli Bence helyt\u00f6rt\u00e9n\u00e9sz mondott besz\u00e9det. Bogn\u00e1r Cecil n\u00e9gy sz\u00e1mot adott el\u0151 t\u00e1rogat\u00f3j\u00e1n. Ezt k\u00f6vet\u0151en a Honv\u00e9d Hagyom\u00e1ny\u0151rz\u0151 Egyes\u00fclet Orsz\u00e1gos eln\u00f6ke L\u00e9vai Mikl\u00f3s nyug\u00e1llom\u00e1ny\u00fa honv\u00e9d alezredes \u00fcnnepi besz\u00e9det, majd felavatt\u00e1k a vit\u00e9zek eml\u00e9kt\u00e1bl\u00e1j\u00e1t \u00e9s elhelyez\u00e9sre ker\u00fcltek a megeml\u00e9kez\u00e9s vir\u00e1gjai, koszor\u00fai. Az esem\u00e9ny a Sz\u00f3zat valamint a Sz\u00e9kely Himnusz t\u00e1rogat\u00f3val kis\u00e9rt el\u00e9nekl\u00e9s\u00e9vel fejez\u0151d\u00f6tt be.<\/p>\n\n\n\n<p>Akik az esem\u00e9nyen r\u00e9szt vettek:<\/p>\n\n\n\n<p><strong>Honv\u00e9d Hagyom\u00e1ny\u0151rz\u0151 Egyes\u00fclet<\/strong><\/p>\n\n\n\n<p>L\u00e9vai Mikl\u00f3s nyug\u00e1llom\u00e1ny\u00fa honv\u00e9d alezredes Orsz\u00e1gos Eln\u00f6k<\/p>\n\n\n\n<p>Kov\u00e1cs J\u00e1nos nyug\u00e1llom\u00e1ny\u00fa honv\u00e9d alezredes Tolna V\u00e1rmegyei eln\u00f6k<\/p>\n\n\n\n<p><strong>Pincehelyi \u00d6nkorm\u00e1nyzat<\/strong><\/p>\n\n\n\n<p>Piringer J\u00f3zsef Polg\u00e1rmester<\/p>\n\n\n\n<p>W\u00f3dli Bence Helyt\u00f6rt\u00e9n\u00e9sz<\/p>\n\n\n\n<p><strong>Tolna V\u00e1rmegyei Nemzet\u0151r Egyes\u00fclet:<\/strong><\/p>\n\n\n\n<p>vit\u00e9z Keskeny Mikl\u00f3s L\u00e1szl\u00f3 n\u0151r. dand\u00e1rt\u00e1bornok Eln\u00f6k-F\u0151pk,<\/p>\n\n\n\n<p>Nyakas L\u00e1szl\u00f3 n\u0151r. dand\u00e1rt\u00e1bornok F\u0151pk.h.,<\/p>\n\n\n\n<p>H\u0151ninger P\u00e9ter n\u0151r. \u0151rnagy F\u0151pk.h.,<\/p>\n\n\n\n<p>Dr.Stephaich B\u00e9la n\u0151r. dand\u00e1rt\u00e1bornok Tolna V\u00e1rmegyei Pk.,<\/p>\n\n\n\n<p>Balogh \u00c1rp\u00e1d n\u0151r. dand\u00e1rt\u00e1bornok Tolna V\u00e1rmegyei Pk.h,<\/p>\n\n\n\n<p>M\u00f3dis Istv\u00e1n n\u0151r. ezredes Tolna V\u00e1rmegyei Pk.h.,<\/p>\n\n\n\n<p>Ors\u00f3s Istv\u00e1n n\u0151r. sz\u00e1zados<\/p>\n\n\n\n<p>Bujdos\u00f3 Mih\u00e1ly n\u0151r. ezredes<\/p>\n\n\n\n<p>Deli J\u00e1nos n\u0151r. dand\u00e1rt\u00e1bornok<\/p>\n\n\n\n<p><strong>Vit\u00e9zi Rend<\/strong><\/p>\n\n\n\n<p>vit\u00e9z &nbsp;Nagy Lajos Tolna V\u00e1rmegyei hadnagy<\/p>\n\n\n\n<p>vit\u00e9z &nbsp;Machay Lajos Istv\u00e1n<\/p>\n\n\n\n<p>vit\u00e9z &nbsp;V\u00f6r\u00f6sv\u00e1czky Csaba<\/p>\n\n\n\n<p><strong>Szt. Gy\u00f6rgy Lovagrend<\/strong><\/p>\n\n\n\n<p>lovag lovag Tanics Csab\u00e1n\u00e9 \u00darh\u00f6lgy<\/p>\n\n\n\n<p>lovag B\u00e9da P\u00e1l n\u0151r. ezredes Baranya V\u00e1rmegyei Pk.<\/p>\n\n\n\n<figure class=\"wp-block-image size-large\"><img loading=\"lazy\" decoding=\"async\" width=\"1024\" height=\"768\" src=\"http:\/\/nemzetorseg.hu\/wp-content\/uploads\/2023\/08\/pincehely01-1024x768.jpg\" alt=\"\" class=\"wp-image-2118\" srcset=\"http:\/\/nemzetorseg.hu\/wp-content\/uploads\/2023\/08\/pincehely01-1024x768.jpg 1024w, http:\/\/nemzetorseg.hu\/wp-content\/uploads\/2023\/08\/pincehely01-300x225.jpg 300w, http:\/\/nemzetorseg.hu\/wp-content\/uploads\/2023\/08\/pincehely01-768x576.jpg 768w, http:\/\/nemzetorseg.hu\/wp-content\/uploads\/2023\/08\/pincehely01-1536x1152.jpg 1536w, http:\/\/nemzetorseg.hu\/wp-content\/uploads\/2023\/08\/pincehely01.jpg 2048w\" sizes=\"auto, (max-width: 1024px) 100vw, 1024px\" \/><\/figure>\n\n\n\n<figure class=\"wp-block-image size-large\"><img loading=\"lazy\" decoding=\"async\" width=\"1024\" height=\"768\" src=\"http:\/\/nemzetorseg.hu\/wp-content\/uploads\/2023\/08\/pincehely02-1024x768.jpg\" alt=\"\" class=\"wp-image-2119\" srcset=\"http:\/\/nemzetorseg.hu\/wp-content\/uploads\/2023\/08\/pincehely02-1024x768.jpg 1024w, http:\/\/nemzetorseg.hu\/wp-content\/uploads\/2023\/08\/pincehely02-300x225.jpg 300w, http:\/\/nemzetorseg.hu\/wp-content\/uploads\/2023\/08\/pincehely02-768x576.jpg 768w, http:\/\/nemzetorseg.hu\/wp-content\/uploads\/2023\/08\/pincehely02-1536x1152.jpg 1536w, http:\/\/nemzetorseg.hu\/wp-content\/uploads\/2023\/08\/pincehely02.jpg 2048w\" sizes=\"auto, (max-width: 1024px) 100vw, 1024px\" \/><\/figure>\n\n\n\n<figure class=\"wp-block-image size-large\"><img loading=\"lazy\" decoding=\"async\" width=\"1024\" height=\"768\" src=\"http:\/\/nemzetorseg.hu\/wp-content\/uploads\/2023\/08\/pincehely03-1024x768.jpg\" alt=\"\" class=\"wp-image-2120\" srcset=\"http:\/\/nemzetorseg.hu\/wp-content\/uploads\/2023\/08\/pincehely03-1024x768.jpg 1024w, http:\/\/nemzetorseg.hu\/wp-content\/uploads\/2023\/08\/pincehely03-300x225.jpg 300w, http:\/\/nemzetorseg.hu\/wp-content\/uploads\/2023\/08\/pincehely03-768x576.jpg 768w, http:\/\/nemzetorseg.hu\/wp-content\/uploads\/2023\/08\/pincehely03-1536x1152.jpg 1536w, http:\/\/nemzetorseg.hu\/wp-content\/uploads\/2023\/08\/pincehely03.jpg 2048w\" sizes=\"auto, (max-width: 1024px) 100vw, 1024px\" \/><\/figure>\n\n\n\n<figure class=\"wp-block-image size-large\"><img loading=\"lazy\" decoding=\"async\" width=\"1024\" height=\"768\" src=\"http:\/\/nemzetorseg.hu\/wp-content\/uploads\/2023\/08\/pincehely04-1024x768.jpg\" alt=\"\" class=\"wp-image-2121\" srcset=\"http:\/\/nemzetorseg.hu\/wp-content\/uploads\/2023\/08\/pincehely04-1024x768.jpg 1024w, http:\/\/nemzetorseg.hu\/wp-content\/uploads\/2023\/08\/pincehely04-300x225.jpg 300w, http:\/\/nemzetorseg.hu\/wp-content\/uploads\/2023\/08\/pincehely04-768x576.jpg 768w, http:\/\/nemzetorseg.hu\/wp-content\/uploads\/2023\/08\/pincehely04-1536x1152.jpg 1536w, http:\/\/nemzetorseg.hu\/wp-content\/uploads\/2023\/08\/pincehely04.jpg 2048w\" sizes=\"auto, (max-width: 1024px) 100vw, 1024px\" \/><\/figure>\n\n\n\n<figure class=\"wp-block-image size-large\"><img loading=\"lazy\" decoding=\"async\" width=\"1024\" height=\"768\" src=\"http:\/\/nemzetorseg.hu\/wp-content\/uploads\/2023\/08\/pincehely05-1024x768.jpg\" alt=\"\" class=\"wp-image-2122\" srcset=\"http:\/\/nemzetorseg.hu\/wp-content\/uploads\/2023\/08\/pincehely05-1024x768.jpg 1024w, http:\/\/nemzetorseg.hu\/wp-content\/uploads\/2023\/08\/pincehely05-300x225.jpg 300w, http:\/\/nemzetorseg.hu\/wp-content\/uploads\/2023\/08\/pincehely05-768x576.jpg 768w, http:\/\/nemzetorseg.hu\/wp-content\/uploads\/2023\/08\/pincehely05-1536x1152.jpg 1536w, http:\/\/nemzetorseg.hu\/wp-content\/uploads\/2023\/08\/pincehely05.jpg 2048w\" sizes=\"auto, (max-width: 1024px) 100vw, 1024px\" \/><\/figure>\n","protected":false},"excerpt":{"rendered":"<p>2023. j\u00falius. 14.-\u00e9n Tolna V\u00e1rmegy\u00e9ben Pincehely Nagyk\u00f6zs\u00e9gben ker\u00fclt sor a V\u00e1rmegye m\u00e1sodik Vit\u00e9zek tisztelet\u00e9re \u00e1ll\u00edtott a neveiket tartalmaz\u00f3 eml\u00e9kt\u00e1bla felavat\u00e1s\u00e1ra, amely a Honv\u00e9d Hagyom\u00e1ny\u0151rz\u0151 Egyes\u00fclet&hellip;<\/p>\n","protected":false},"author":1,"featured_media":2122,"comment_status":"closed","ping_status":"open","sticky":false,"template":"","format":"standard","meta":{"footnotes":""},"categories":[1],"tags":[],"class_list":["post-2117","post","type-post","status-publish","format-standard","has-post-thumbnail","hentry","category-egyeb"],"_links":{"self":[{"href":"http:\/\/nemzetorseg.hu\/index.php?rest_route=\/wp\/v2\/posts\/2117","targetHints":{"allow":["GET"]}}],"collection":[{"href":"http:\/\/nemzetorseg.hu\/index.php?rest_route=\/wp\/v2\/posts"}],"about":[{"href":"http:\/\/nemzetorseg.hu\/index.php?rest_route=\/wp\/v2\/types\/post"}],"author":[{"embeddable":true,"href":"http:\/\/nemzetorseg.hu\/index.php?rest_route=\/wp\/v2\/users\/1"}],"replies":[{"embeddable":true,"href":"http:\/\/nemzetorseg.hu\/index.php?rest_route=%2Fwp%2Fv2%2Fcomments&post=2117"}],"version-history":[{"count":1,"href":"http:\/\/nemzetorseg.hu\/index.php?rest_route=\/wp\/v2\/posts\/2117\/revisions"}],"predecessor-version":[{"id":2123,"href":"http:\/\/nemzetorseg.hu\/index.php?rest_route=\/wp\/v2\/posts\/2117\/revisions\/2123"}],"wp:featuredmedia":[{"embeddable":true,"href":"http:\/\/nemzetorseg.hu\/index.php?rest_route=\/wp\/v2\/media\/2122"}],"wp:attachment":[{"href":"http:\/\/nemzetorseg.hu\/index.php?rest_route=%2Fwp%2Fv2%2Fmedia&parent=2117"}],"wp:term":[{"taxonomy":"category","embeddable":true,"href":"http:\/\/nemzetorseg.hu\/index.php?rest_route=%2Fwp%2Fv2%2Fcategories&post=2117"},{"taxonomy":"post_tag","embeddable":true,"href":"http:\/\/nemzetorseg.hu\/index.php?rest_route=%2Fwp%2Fv2%2Ftags&post=2117"}],"curies":[{"name":"wp","href":"https:\/\/api.w.org\/{rel}","templated":true}]}}