{"id":1838,"date":"2022-08-23T10:51:38","date_gmt":"2022-08-23T10:51:38","guid":{"rendered":"http:\/\/nemzetorseg.hu\/?p=1838"},"modified":"2022-08-23T10:52:04","modified_gmt":"2022-08-23T10:52:04","slug":"2022-julius-9-velem","status":"publish","type":"post","link":"http:\/\/nemzetorseg.hu\/?p=1838","title":{"rendered":"2022. j\u00falius 9. Velem."},"content":{"rendered":"\n<p>2022. j\u00falius 9-\u00e9n, a dics\u0151s\u00e9ges pozsonyi csata eml\u00e9k\u00e9t tisztelve, a hat\u00e1rmenti Velemben tartotta 5 \u00e9ves jubileumi lovagavat\u00e1si cerem\u00f3ni\u00e1j\u00e1t a Nemzetk\u00f6zi \u00e9s K\u00e1rp\u00e1t-medencei Szent Korona Apostoli-Nemes-Vit\u00e9z Lovagrend, amelyen a megtisztel\u0151 megh\u00edv\u00e1snak eleget t\u00e9ve r\u00e9szt vettem, z\u00e1szlajukra eml\u00e9kszalagot k\u00f6t\u00f6ttem \u00e9s a pozsonyi csata eml\u00e9km\u0171v\u00e9t megkoszor\u00faztam, mint a Magyar Nemzet\u0151rs\u00e9g, valamint a Szuver\u00e9n M\u00e1ltai Lovagrend (KMFAP) k\u00e9pvisel\u0151je. A cerem\u00f3ni\u00e1t \u0150excellenci\u00e1ja Prince LeGrand von Muha-Gots P\u00e1l Viktor Nagymester vezette \u0150excellenci\u00e1ja Major S\u00e1ndor p\u00fcsp\u00f6k lelkivezet\u0151 seg\u00edts\u00e9g\u00e9vel.<\/p>\n\n\n\n<figure class=\"wp-block-image size-large\"><img loading=\"lazy\" decoding=\"async\" width=\"461\" height=\"1024\" src=\"http:\/\/nemzetorseg.hu\/wp-content\/uploads\/2022\/08\/291756818_2393818657423951_3250368015955947820_n-461x1024.jpg\" alt=\"\" class=\"wp-image-1839\" srcset=\"http:\/\/nemzetorseg.hu\/wp-content\/uploads\/2022\/08\/291756818_2393818657423951_3250368015955947820_n-461x1024.jpg 461w, http:\/\/nemzetorseg.hu\/wp-content\/uploads\/2022\/08\/291756818_2393818657423951_3250368015955947820_n-135x300.jpg 135w, http:\/\/nemzetorseg.hu\/wp-content\/uploads\/2022\/08\/291756818_2393818657423951_3250368015955947820_n-768x1707.jpg 768w, http:\/\/nemzetorseg.hu\/wp-content\/uploads\/2022\/08\/291756818_2393818657423951_3250368015955947820_n-691x1536.jpg 691w, http:\/\/nemzetorseg.hu\/wp-content\/uploads\/2022\/08\/291756818_2393818657423951_3250368015955947820_n.jpg 900w\" sizes=\"auto, (max-width: 461px) 100vw, 461px\" \/><\/figure>\n\n\n\n<figure class=\"wp-block-image size-large\"><img loading=\"lazy\" decoding=\"async\" width=\"768\" height=\"1024\" src=\"http:\/\/nemzetorseg.hu\/wp-content\/uploads\/2022\/08\/291895555_2393818707423946_3062881605340649881_n-768x1024.jpg\" alt=\"\" class=\"wp-image-1840\" srcset=\"http:\/\/nemzetorseg.hu\/wp-content\/uploads\/2022\/08\/291895555_2393818707423946_3062881605340649881_n-768x1024.jpg 768w, http:\/\/nemzetorseg.hu\/wp-content\/uploads\/2022\/08\/291895555_2393818707423946_3062881605340649881_n-225x300.jpg 225w, http:\/\/nemzetorseg.hu\/wp-content\/uploads\/2022\/08\/291895555_2393818707423946_3062881605340649881_n-1152x1536.jpg 1152w, http:\/\/nemzetorseg.hu\/wp-content\/uploads\/2022\/08\/291895555_2393818707423946_3062881605340649881_n.jpg 1536w\" sizes=\"auto, (max-width: 768px) 100vw, 768px\" \/><\/figure>\n\n\n\n<figure class=\"wp-block-image size-large\"><img loading=\"lazy\" decoding=\"async\" width=\"1024\" height=\"768\" src=\"http:\/\/nemzetorseg.hu\/wp-content\/uploads\/2022\/08\/292630142_2393818714090612_1705520674271975906_n-1024x768.jpg\" alt=\"\" class=\"wp-image-1841\" srcset=\"http:\/\/nemzetorseg.hu\/wp-content\/uploads\/2022\/08\/292630142_2393818714090612_1705520674271975906_n-1024x768.jpg 1024w, http:\/\/nemzetorseg.hu\/wp-content\/uploads\/2022\/08\/292630142_2393818714090612_1705520674271975906_n-300x225.jpg 300w, http:\/\/nemzetorseg.hu\/wp-content\/uploads\/2022\/08\/292630142_2393818714090612_1705520674271975906_n-768x576.jpg 768w, http:\/\/nemzetorseg.hu\/wp-content\/uploads\/2022\/08\/292630142_2393818714090612_1705520674271975906_n-1536x1152.jpg 1536w, http:\/\/nemzetorseg.hu\/wp-content\/uploads\/2022\/08\/292630142_2393818714090612_1705520674271975906_n.jpg 2048w\" sizes=\"auto, (max-width: 1024px) 100vw, 1024px\" \/><\/figure>\n\n\n\n<figure class=\"wp-block-image size-large\"><img loading=\"lazy\" decoding=\"async\" width=\"461\" height=\"1024\" src=\"http:\/\/nemzetorseg.hu\/wp-content\/uploads\/2022\/08\/293079176_2393818690757281_8741306519021572214_n-461x1024.jpg\" alt=\"\" class=\"wp-image-1842\" srcset=\"http:\/\/nemzetorseg.hu\/wp-content\/uploads\/2022\/08\/293079176_2393818690757281_8741306519021572214_n-461x1024.jpg 461w, http:\/\/nemzetorseg.hu\/wp-content\/uploads\/2022\/08\/293079176_2393818690757281_8741306519021572214_n-135x300.jpg 135w, http:\/\/nemzetorseg.hu\/wp-content\/uploads\/2022\/08\/293079176_2393818690757281_8741306519021572214_n-768x1707.jpg 768w, http:\/\/nemzetorseg.hu\/wp-content\/uploads\/2022\/08\/293079176_2393818690757281_8741306519021572214_n-691x1536.jpg 691w, http:\/\/nemzetorseg.hu\/wp-content\/uploads\/2022\/08\/293079176_2393818690757281_8741306519021572214_n.jpg 900w\" sizes=\"auto, (max-width: 461px) 100vw, 461px\" \/><\/figure>\n","protected":false},"excerpt":{"rendered":"<p>2022. j\u00falius 9-\u00e9n, a dics\u0151s\u00e9ges pozsonyi csata eml\u00e9k\u00e9t tisztelve, a hat\u00e1rmenti Velemben tartotta 5 \u00e9ves jubileumi lovagavat\u00e1si cerem\u00f3ni\u00e1j\u00e1t a Nemzetk\u00f6zi \u00e9s K\u00e1rp\u00e1t-medencei Szent Korona Apostoli-Nemes-Vit\u00e9z&hellip;<\/p>\n","protected":false},"author":1,"featured_media":1841,"comment_status":"closed","ping_status":"open","sticky":false,"template":"","format":"standard","meta":{"footnotes":""},"categories":[1],"tags":[],"class_list":["post-1838","post","type-post","status-publish","format-standard","has-post-thumbnail","hentry","category-egyeb"],"_links":{"self":[{"href":"http:\/\/nemzetorseg.hu\/index.php?rest_route=\/wp\/v2\/posts\/1838","targetHints":{"allow":["GET"]}}],"collection":[{"href":"http:\/\/nemzetorseg.hu\/index.php?rest_route=\/wp\/v2\/posts"}],"about":[{"href":"http:\/\/nemzetorseg.hu\/index.php?rest_route=\/wp\/v2\/types\/post"}],"author":[{"embeddable":true,"href":"http:\/\/nemzetorseg.hu\/index.php?rest_route=\/wp\/v2\/users\/1"}],"replies":[{"embeddable":true,"href":"http:\/\/nemzetorseg.hu\/index.php?rest_route=%2Fwp%2Fv2%2Fcomments&post=1838"}],"version-history":[{"count":1,"href":"http:\/\/nemzetorseg.hu\/index.php?rest_route=\/wp\/v2\/posts\/1838\/revisions"}],"predecessor-version":[{"id":1843,"href":"http:\/\/nemzetorseg.hu\/index.php?rest_route=\/wp\/v2\/posts\/1838\/revisions\/1843"}],"wp:featuredmedia":[{"embeddable":true,"href":"http:\/\/nemzetorseg.hu\/index.php?rest_route=\/wp\/v2\/media\/1841"}],"wp:attachment":[{"href":"http:\/\/nemzetorseg.hu\/index.php?rest_route=%2Fwp%2Fv2%2Fmedia&parent=1838"}],"wp:term":[{"taxonomy":"category","embeddable":true,"href":"http:\/\/nemzetorseg.hu\/index.php?rest_route=%2Fwp%2Fv2%2Fcategories&post=1838"},{"taxonomy":"post_tag","embeddable":true,"href":"http:\/\/nemzetorseg.hu\/index.php?rest_route=%2Fwp%2Fv2%2Ftags&post=1838"}],"curies":[{"name":"wp","href":"https:\/\/api.w.org\/{rel}","templated":true}]}}