{"id":1544,"date":"2021-11-30T18:52:00","date_gmt":"2021-11-30T18:52:00","guid":{"rendered":"http:\/\/nemzetorseg.hu\/?p=1544"},"modified":"2021-11-30T18:52:21","modified_gmt":"2021-11-30T18:52:21","slug":"2021-oktober-25-triesz-peter-eloleptetese","status":"publish","type":"post","link":"http:\/\/nemzetorseg.hu\/?p=1544","title":{"rendered":"2021. okt\u00f3ber 25. Triesz P\u00e9ter el\u0151l\u00e9ptet\u00e9se."},"content":{"rendered":"\n<p>2021. okt\u00f3ber 25-\u00e9n eln\u00f6ks\u00e9gi \u00fcl\u00e9s keret\u00e9ben adtuk \u00e1t Triesz P\u00e9ter nemzet\u0151r alezredes \u00darnak el\u0151l\u00e9ptet\u00e9s\u00e9t tartalmaz\u00f3 okm\u00e1nyt, mely szerint 2021. okt\u00f3ber 23-\u00e1n Triesz P\u00e9ter nemzet\u0151r alezredes Urat a megyei szervezet Eln\u00f6ks\u00e9g\u00e9nek javaslata alapj\u00e1n Dr. lovag Doh\u00e1ny Andr\u00e1s nemzet\u0151r alt\u00e1bornagy, a Magyar Nemzet\u0151rs\u00e9g orsz\u00e1gos parancsnoka a Magyar Nemzet\u0151rs\u00e9g \u00e9rdek\u00e9ben v\u00e9gzett \u00e1ldozatos \u00e9s kiemelked\u0151en p\u00e9ldamutat\u00f3 munk\u00e1ja alapj\u00e1n nemzet\u0151r ezredess\u00e9 el\u0151l\u00e9pteti. Munk\u00e1j\u00e1hoz sok sikert, j\u00f3 er\u0151t \u00e9s eg\u00e9szs\u00e9get k\u00edv\u00e1nunk!<\/p>\n\n\n\n<figure class=\"wp-block-image size-large\"><img loading=\"lazy\" decoding=\"async\" width=\"1024\" height=\"768\" src=\"http:\/\/nemzetorseg.hu\/wp-content\/uploads\/2021\/11\/IMG_20211025_161124-1024x768.jpg\" alt=\"\" class=\"wp-image-1545\" srcset=\"http:\/\/nemzetorseg.hu\/wp-content\/uploads\/2021\/11\/IMG_20211025_161124-1024x768.jpg 1024w, http:\/\/nemzetorseg.hu\/wp-content\/uploads\/2021\/11\/IMG_20211025_161124-300x225.jpg 300w, http:\/\/nemzetorseg.hu\/wp-content\/uploads\/2021\/11\/IMG_20211025_161124-768x576.jpg 768w, http:\/\/nemzetorseg.hu\/wp-content\/uploads\/2021\/11\/IMG_20211025_161124-1536x1152.jpg 1536w, http:\/\/nemzetorseg.hu\/wp-content\/uploads\/2021\/11\/IMG_20211025_161124-2048x1536.jpg 2048w\" sizes=\"auto, (max-width: 1024px) 100vw, 1024px\" \/><\/figure>\n\n\n\n<figure class=\"wp-block-image size-large\"><img loading=\"lazy\" decoding=\"async\" width=\"1024\" height=\"768\" src=\"http:\/\/nemzetorseg.hu\/wp-content\/uploads\/2021\/11\/IMG_20211025_161144-1024x768.jpg\" alt=\"\" class=\"wp-image-1546\" srcset=\"http:\/\/nemzetorseg.hu\/wp-content\/uploads\/2021\/11\/IMG_20211025_161144-1024x768.jpg 1024w, http:\/\/nemzetorseg.hu\/wp-content\/uploads\/2021\/11\/IMG_20211025_161144-300x225.jpg 300w, http:\/\/nemzetorseg.hu\/wp-content\/uploads\/2021\/11\/IMG_20211025_161144-768x576.jpg 768w, http:\/\/nemzetorseg.hu\/wp-content\/uploads\/2021\/11\/IMG_20211025_161144-1536x1152.jpg 1536w, http:\/\/nemzetorseg.hu\/wp-content\/uploads\/2021\/11\/IMG_20211025_161144-2048x1536.jpg 2048w\" sizes=\"auto, (max-width: 1024px) 100vw, 1024px\" \/><\/figure>\n","protected":false},"excerpt":{"rendered":"<p>2021. okt\u00f3ber 25-\u00e9n eln\u00f6ks\u00e9gi \u00fcl\u00e9s keret\u00e9ben adtuk \u00e1t Triesz P\u00e9ter nemzet\u0151r alezredes \u00darnak el\u0151l\u00e9ptet\u00e9s\u00e9t tartalmaz\u00f3 okm\u00e1nyt, mely szerint 2021. okt\u00f3ber 23-\u00e1n Triesz P\u00e9ter nemzet\u0151r alezredes&hellip;<\/p>\n","protected":false},"author":1,"featured_media":1545,"comment_status":"closed","ping_status":"open","sticky":false,"template":"","format":"standard","meta":{"footnotes":""},"categories":[1],"tags":[],"class_list":["post-1544","post","type-post","status-publish","format-standard","has-post-thumbnail","hentry","category-egyeb"],"_links":{"self":[{"href":"http:\/\/nemzetorseg.hu\/index.php?rest_route=\/wp\/v2\/posts\/1544","targetHints":{"allow":["GET"]}}],"collection":[{"href":"http:\/\/nemzetorseg.hu\/index.php?rest_route=\/wp\/v2\/posts"}],"about":[{"href":"http:\/\/nemzetorseg.hu\/index.php?rest_route=\/wp\/v2\/types\/post"}],"author":[{"embeddable":true,"href":"http:\/\/nemzetorseg.hu\/index.php?rest_route=\/wp\/v2\/users\/1"}],"replies":[{"embeddable":true,"href":"http:\/\/nemzetorseg.hu\/index.php?rest_route=%2Fwp%2Fv2%2Fcomments&post=1544"}],"version-history":[{"count":1,"href":"http:\/\/nemzetorseg.hu\/index.php?rest_route=\/wp\/v2\/posts\/1544\/revisions"}],"predecessor-version":[{"id":1547,"href":"http:\/\/nemzetorseg.hu\/index.php?rest_route=\/wp\/v2\/posts\/1544\/revisions\/1547"}],"wp:featuredmedia":[{"embeddable":true,"href":"http:\/\/nemzetorseg.hu\/index.php?rest_route=\/wp\/v2\/media\/1545"}],"wp:attachment":[{"href":"http:\/\/nemzetorseg.hu\/index.php?rest_route=%2Fwp%2Fv2%2Fmedia&parent=1544"}],"wp:term":[{"taxonomy":"category","embeddable":true,"href":"http:\/\/nemzetorseg.hu\/index.php?rest_route=%2Fwp%2Fv2%2Fcategories&post=1544"},{"taxonomy":"post_tag","embeddable":true,"href":"http:\/\/nemzetorseg.hu\/index.php?rest_route=%2Fwp%2Fv2%2Ftags&post=1544"}],"curies":[{"name":"wp","href":"https:\/\/api.w.org\/{rel}","templated":true}]}}