{"id":1473,"date":"2021-11-22T18:29:39","date_gmt":"2021-11-22T18:29:39","guid":{"rendered":"http:\/\/nemzetorseg.hu\/?p=1473"},"modified":"2021-11-22T18:30:20","modified_gmt":"2021-11-22T18:30:20","slug":"baross-gaborra-a-vasminiszterre-emlekeztek-gyorben","status":"publish","type":"post","link":"http:\/\/nemzetorseg.hu\/?p=1473","title":{"rendered":"Baross G\u00e1borra, a vasminiszterre eml\u00e9keztek Gy\u0151rben."},"content":{"rendered":"\n<p>2021. szeptember 30-\u00e1n Baross G\u00e1borra, a vasminiszterre eml\u00e9keztek Gy\u0151rben, a Baross \u00fat bej\u00e1rat\u00e1n\u00e1l n\u00e9h\u00e1ny \u00e9ve felavatott Baross szoborn\u00e1l a megjelentek. Az \u00fcnneps\u00e9gen Dr. Schmidt P\u00e9ter, a Gy\u0151ri Baross T\u00e1rsas\u00e1g eln\u00f6ke, valamint Dr. Fekete D\u00e1vid \u00f6nkorm\u00e1nyzati k\u00e9pvisel\u0151 mondtak besz\u00e9det. A Magyar Nemzet\u0151rs\u00e9g \u201eT\u00f6r\u00f6k Istv\u00e1n\u201d Gy\u0151r-Moson-Sopron Megyei Sz\u00f6vets\u00e9g r\u00e9sz\u00e9r\u0151l Gerendi Attila n\u0151r. ddtbk, aleln\u00f6k volt jelen \u00e9s helyezett el koszor\u00fat a jeles hazafi szobr\u00e1n\u00e1l. K\u00f6sz\u00f6net a f\u00e9nyk\u00e9peket k\u00e9sz\u00edt\u0151 v. Peterdy Gy\u00f6rgy Nemzetes \u00darnak!<\/p>\n\n\n\n<figure class=\"wp-block-image size-large\"><img loading=\"lazy\" decoding=\"async\" width=\"683\" height=\"1024\" src=\"http:\/\/nemzetorseg.hu\/wp-content\/uploads\/2021\/11\/1-683x1024.jpg\" alt=\"\" class=\"wp-image-1474\" srcset=\"http:\/\/nemzetorseg.hu\/wp-content\/uploads\/2021\/11\/1-683x1024.jpg 683w, http:\/\/nemzetorseg.hu\/wp-content\/uploads\/2021\/11\/1-200x300.jpg 200w, http:\/\/nemzetorseg.hu\/wp-content\/uploads\/2021\/11\/1-768x1152.jpg 768w, http:\/\/nemzetorseg.hu\/wp-content\/uploads\/2021\/11\/1-1024x1536.jpg 1024w, http:\/\/nemzetorseg.hu\/wp-content\/uploads\/2021\/11\/1.jpg 1152w\" sizes=\"auto, (max-width: 683px) 100vw, 683px\" \/><\/figure>\n\n\n\n<figure class=\"wp-block-image size-large\"><img loading=\"lazy\" decoding=\"async\" width=\"1024\" height=\"683\" src=\"http:\/\/nemzetorseg.hu\/wp-content\/uploads\/2021\/11\/2-1024x683.jpg\" alt=\"\" class=\"wp-image-1475\" srcset=\"http:\/\/nemzetorseg.hu\/wp-content\/uploads\/2021\/11\/2-1024x683.jpg 1024w, http:\/\/nemzetorseg.hu\/wp-content\/uploads\/2021\/11\/2-300x200.jpg 300w, http:\/\/nemzetorseg.hu\/wp-content\/uploads\/2021\/11\/2-768x512.jpg 768w, http:\/\/nemzetorseg.hu\/wp-content\/uploads\/2021\/11\/2-1536x1024.jpg 1536w, http:\/\/nemzetorseg.hu\/wp-content\/uploads\/2021\/11\/2.jpg 1728w\" sizes=\"auto, (max-width: 1024px) 100vw, 1024px\" \/><\/figure>\n\n\n\n<figure class=\"wp-block-image size-large\"><img loading=\"lazy\" decoding=\"async\" width=\"1728\" height=\"1152\" src=\"http:\/\/nemzetorseg.hu\/wp-content\/uploads\/2021\/11\/3-1024x683.jpg\" alt=\"\" class=\"wp-image-1476\" srcset=\"http:\/\/nemzetorseg.hu\/wp-content\/uploads\/2021\/11\/3-1024x683.jpg 1024w, http:\/\/nemzetorseg.hu\/wp-content\/uploads\/2021\/11\/3-300x200.jpg 300w, http:\/\/nemzetorseg.hu\/wp-content\/uploads\/2021\/11\/3-768x512.jpg 768w, http:\/\/nemzetorseg.hu\/wp-content\/uploads\/2021\/11\/3-1536x1024.jpg 1536w, http:\/\/nemzetorseg.hu\/wp-content\/uploads\/2021\/11\/3.jpg 1728w\" sizes=\"auto, (max-width: 1728px) 100vw, 1728px\" \/><\/figure>\n\n\n\n<figure class=\"wp-block-image size-large\"><img loading=\"lazy\" decoding=\"async\" width=\"1152\" height=\"1728\" src=\"http:\/\/nemzetorseg.hu\/wp-content\/uploads\/2021\/11\/4-683x1024.jpg\" alt=\"\" class=\"wp-image-1477\" srcset=\"http:\/\/nemzetorseg.hu\/wp-content\/uploads\/2021\/11\/4-683x1024.jpg 683w, http:\/\/nemzetorseg.hu\/wp-content\/uploads\/2021\/11\/4-200x300.jpg 200w, http:\/\/nemzetorseg.hu\/wp-content\/uploads\/2021\/11\/4-768x1152.jpg 768w, http:\/\/nemzetorseg.hu\/wp-content\/uploads\/2021\/11\/4-1024x1536.jpg 1024w, http:\/\/nemzetorseg.hu\/wp-content\/uploads\/2021\/11\/4.jpg 1152w\" sizes=\"auto, (max-width: 1152px) 100vw, 1152px\" \/><\/figure>\n","protected":false},"excerpt":{"rendered":"<p>2021. szeptember 30-\u00e1n Baross G\u00e1borra, a vasminiszterre eml\u00e9keztek Gy\u0151rben, a Baross \u00fat bej\u00e1rat\u00e1n\u00e1l n\u00e9h\u00e1ny \u00e9ve felavatott Baross szoborn\u00e1l a megjelentek. Az \u00fcnneps\u00e9gen Dr. Schmidt P\u00e9ter,&hellip;<\/p>\n","protected":false},"author":1,"featured_media":1476,"comment_status":"closed","ping_status":"open","sticky":false,"template":"","format":"standard","meta":{"footnotes":""},"categories":[1],"tags":[],"class_list":["post-1473","post","type-post","status-publish","format-standard","has-post-thumbnail","hentry","category-egyeb"],"_links":{"self":[{"href":"http:\/\/nemzetorseg.hu\/index.php?rest_route=\/wp\/v2\/posts\/1473","targetHints":{"allow":["GET"]}}],"collection":[{"href":"http:\/\/nemzetorseg.hu\/index.php?rest_route=\/wp\/v2\/posts"}],"about":[{"href":"http:\/\/nemzetorseg.hu\/index.php?rest_route=\/wp\/v2\/types\/post"}],"author":[{"embeddable":true,"href":"http:\/\/nemzetorseg.hu\/index.php?rest_route=\/wp\/v2\/users\/1"}],"replies":[{"embeddable":true,"href":"http:\/\/nemzetorseg.hu\/index.php?rest_route=%2Fwp%2Fv2%2Fcomments&post=1473"}],"version-history":[{"count":1,"href":"http:\/\/nemzetorseg.hu\/index.php?rest_route=\/wp\/v2\/posts\/1473\/revisions"}],"predecessor-version":[{"id":1478,"href":"http:\/\/nemzetorseg.hu\/index.php?rest_route=\/wp\/v2\/posts\/1473\/revisions\/1478"}],"wp:featuredmedia":[{"embeddable":true,"href":"http:\/\/nemzetorseg.hu\/index.php?rest_route=\/wp\/v2\/media\/1476"}],"wp:attachment":[{"href":"http:\/\/nemzetorseg.hu\/index.php?rest_route=%2Fwp%2Fv2%2Fmedia&parent=1473"}],"wp:term":[{"taxonomy":"category","embeddable":true,"href":"http:\/\/nemzetorseg.hu\/index.php?rest_route=%2Fwp%2Fv2%2Fcategories&post=1473"},{"taxonomy":"post_tag","embeddable":true,"href":"http:\/\/nemzetorseg.hu\/index.php?rest_route=%2Fwp%2Fv2%2Ftags&post=1473"}],"curies":[{"name":"wp","href":"https:\/\/api.w.org\/{rel}","templated":true}]}}