{"id":1386,"date":"2021-09-25T16:14:22","date_gmt":"2021-09-25T16:14:22","guid":{"rendered":"http:\/\/nemzetorseg.hu\/?p=1386"},"modified":"2021-09-25T16:14:22","modified_gmt":"2021-09-25T16:14:22","slug":"2021-augusztus-16-megemlekezes-gyorben-szent-rokus-unneperol","status":"publish","type":"post","link":"http:\/\/nemzetorseg.hu\/?p=1386","title":{"rendered":"2021. augusztus 16. Megeml\u00e9kez\u00e9s Gy\u0151rben Szent R\u00f3kus \u00fcnnep\u00e9r\u0151l."},"content":{"rendered":"\n<p>Szent R\u00f3kus az orvosok \u00e9s a pestises betegek, valamint Gy\u0151r-Sziget v\u00e9d\u0151szentje. A hagyom\u00e1nyos Gy\u0151r-Szigeti B\u00facs\u00fa \u00fcnneps\u00e9g\u00e9re 2021. augusztus 16-\u00e1n, h\u00e9tf\u0151n ker\u00fclt sor. A szentmise el\u0151tt 16:30 \u00f3rakor a templom el\u0151tti Simor J\u00e1nos p\u00fcsp\u00f6k t\u00e9ren a Magyar Millenniumi Eml\u00e9kkeresztn\u00e9l megeml\u00e9kez\u00e9s \u00e9s koszor\u00faz\u00e1s volt, melyen a Magyar Nemzet\u0151rs\u00e9g &#8222;T\u00f6r\u00f6k Istv\u00e1n&#8221; Gy\u0151r-Moson-Sopron Megyei Sz\u00f6vets\u00e9ge k\u00e9pviselet\u00e9ben Bede Tam\u00e1s nemzet\u0151r dand\u00e1rt\u00e1bornok, \u00fcgyvezet\u0151 eln\u00f6k, Gerendi Attila nemzet\u0151r dand\u00e1rt\u00e1bornok, aleln\u00f6k \u00e9s S\u00e1ndorfi Ferenc nemzet\u0151r t\u00f6rzsz\u00e1szl\u00f3s vettek r\u00e9szt. Az \u00fcnneps\u00e9get megtisztelt\u00e9k jelenl\u00e9t\u00fckkel \u00e9s besz\u00e9det mondtak Prof. Dr. Horv\u00e1th Ildik\u00f3 Asszony, az EMMI \u00e1llamtitk\u00e1ra, Sz\u00e9les S\u00e1ndor, a Gy\u0151r-Moson-Sopron megyei korm\u00e1nymegb\u00edzott, Simon R\u00f3bert Bal\u00e1zs orsz\u00e1ggy\u0171l\u00e9si k\u00e9pvisel\u0151, Szeles Szabolcs, Alpolg\u00e1rmester, valamint a szervez\u0151k r\u00e9sz\u00e9r\u0151l Prof. Dr. Schmidt P\u00e9ter \u00e9s D\u00e1ma Koromp\u00e1ky M\u00e1ria. Ezt k\u00f6vet\u0151en ker\u00fclt sor az \u00fcnnepi szentmis\u00e9re 17:00 \u00f3rakor a Szent R\u00f3kus templomban. A szentmis\u00e9t bemutatta \u00e9s szentbesz\u00e9det mondott: Dr. Luk\u00e1csi Zolt\u00e1n prorektor, sz\u00e9kesegyh\u00e1zi kanonok, Gy\u0151r-Szigeti pl\u00e9b\u00e1nos. K\u00f6sz\u00f6net a f\u00e9nyk\u00e9peket k\u00e9sz\u00edt\u0151 v. Peterdy Gy\u00f6rgy Nemzetes \u00darnak!<\/p>\n\n\n\n<figure class=\"wp-block-image size-large\"><img loading=\"lazy\" decoding=\"async\" width=\"1024\" height=\"683\" src=\"http:\/\/nemzetorseg.hu\/wp-content\/uploads\/2021\/09\/235612142_2108547779284375_8980053220824870748_n-1024x683.jpg\" alt=\"\" class=\"wp-image-1387\" srcset=\"http:\/\/nemzetorseg.hu\/wp-content\/uploads\/2021\/09\/235612142_2108547779284375_8980053220824870748_n-1024x683.jpg 1024w, http:\/\/nemzetorseg.hu\/wp-content\/uploads\/2021\/09\/235612142_2108547779284375_8980053220824870748_n-300x200.jpg 300w, http:\/\/nemzetorseg.hu\/wp-content\/uploads\/2021\/09\/235612142_2108547779284375_8980053220824870748_n-768x512.jpg 768w, http:\/\/nemzetorseg.hu\/wp-content\/uploads\/2021\/09\/235612142_2108547779284375_8980053220824870748_n-1536x1024.jpg 1536w, http:\/\/nemzetorseg.hu\/wp-content\/uploads\/2021\/09\/235612142_2108547779284375_8980053220824870748_n.jpg 1728w\" sizes=\"auto, (max-width: 1024px) 100vw, 1024px\" \/><\/figure>\n\n\n\n<figure class=\"wp-block-image size-large\"><img loading=\"lazy\" decoding=\"async\" width=\"683\" height=\"1024\" src=\"http:\/\/nemzetorseg.hu\/wp-content\/uploads\/2021\/09\/236217005_2108547919284361_6567799439901681379_n-683x1024.jpg\" alt=\"\" class=\"wp-image-1388\" srcset=\"http:\/\/nemzetorseg.hu\/wp-content\/uploads\/2021\/09\/236217005_2108547919284361_6567799439901681379_n-683x1024.jpg 683w, http:\/\/nemzetorseg.hu\/wp-content\/uploads\/2021\/09\/236217005_2108547919284361_6567799439901681379_n-200x300.jpg 200w, http:\/\/nemzetorseg.hu\/wp-content\/uploads\/2021\/09\/236217005_2108547919284361_6567799439901681379_n-768x1152.jpg 768w, http:\/\/nemzetorseg.hu\/wp-content\/uploads\/2021\/09\/236217005_2108547919284361_6567799439901681379_n-1024x1536.jpg 1024w, http:\/\/nemzetorseg.hu\/wp-content\/uploads\/2021\/09\/236217005_2108547919284361_6567799439901681379_n.jpg 1152w\" sizes=\"auto, (max-width: 683px) 100vw, 683px\" \/><\/figure>\n\n\n\n<figure class=\"wp-block-image size-large\"><img loading=\"lazy\" decoding=\"async\" width=\"1024\" height=\"683\" src=\"http:\/\/nemzetorseg.hu\/wp-content\/uploads\/2021\/09\/236322417_2108547935951026_1102652732951143913_n-1024x683.jpg\" alt=\"\" class=\"wp-image-1389\" srcset=\"http:\/\/nemzetorseg.hu\/wp-content\/uploads\/2021\/09\/236322417_2108547935951026_1102652732951143913_n-1024x683.jpg 1024w, http:\/\/nemzetorseg.hu\/wp-content\/uploads\/2021\/09\/236322417_2108547935951026_1102652732951143913_n-300x200.jpg 300w, http:\/\/nemzetorseg.hu\/wp-content\/uploads\/2021\/09\/236322417_2108547935951026_1102652732951143913_n-768x512.jpg 768w, http:\/\/nemzetorseg.hu\/wp-content\/uploads\/2021\/09\/236322417_2108547935951026_1102652732951143913_n-1536x1024.jpg 1536w, http:\/\/nemzetorseg.hu\/wp-content\/uploads\/2021\/09\/236322417_2108547935951026_1102652732951143913_n.jpg 1728w\" sizes=\"auto, (max-width: 1024px) 100vw, 1024px\" \/><\/figure>\n\n\n\n<figure class=\"wp-block-image size-large\"><img loading=\"lazy\" decoding=\"async\" width=\"683\" height=\"1024\" src=\"http:\/\/nemzetorseg.hu\/wp-content\/uploads\/2021\/09\/236995351_2108547212617765_8318881649136253769_n-683x1024.jpg\" alt=\"\" class=\"wp-image-1390\" srcset=\"http:\/\/nemzetorseg.hu\/wp-content\/uploads\/2021\/09\/236995351_2108547212617765_8318881649136253769_n-683x1024.jpg 683w, http:\/\/nemzetorseg.hu\/wp-content\/uploads\/2021\/09\/236995351_2108547212617765_8318881649136253769_n-200x300.jpg 200w, http:\/\/nemzetorseg.hu\/wp-content\/uploads\/2021\/09\/236995351_2108547212617765_8318881649136253769_n-768x1152.jpg 768w, http:\/\/nemzetorseg.hu\/wp-content\/uploads\/2021\/09\/236995351_2108547212617765_8318881649136253769_n-1024x1536.jpg 1024w, http:\/\/nemzetorseg.hu\/wp-content\/uploads\/2021\/09\/236995351_2108547212617765_8318881649136253769_n.jpg 1152w\" sizes=\"auto, (max-width: 683px) 100vw, 683px\" \/><\/figure>\n\n\n\n<figure class=\"wp-block-image size-large\"><img loading=\"lazy\" decoding=\"async\" width=\"683\" height=\"1024\" src=\"http:\/\/nemzetorseg.hu\/wp-content\/uploads\/2021\/09\/237099531_2108547855951034_3643225102101264861_n-683x1024.jpg\" alt=\"\" class=\"wp-image-1391\" srcset=\"http:\/\/nemzetorseg.hu\/wp-content\/uploads\/2021\/09\/237099531_2108547855951034_3643225102101264861_n-683x1024.jpg 683w, http:\/\/nemzetorseg.hu\/wp-content\/uploads\/2021\/09\/237099531_2108547855951034_3643225102101264861_n-200x300.jpg 200w, http:\/\/nemzetorseg.hu\/wp-content\/uploads\/2021\/09\/237099531_2108547855951034_3643225102101264861_n-768x1152.jpg 768w, http:\/\/nemzetorseg.hu\/wp-content\/uploads\/2021\/09\/237099531_2108547855951034_3643225102101264861_n-1024x1536.jpg 1024w, http:\/\/nemzetorseg.hu\/wp-content\/uploads\/2021\/09\/237099531_2108547855951034_3643225102101264861_n.jpg 1152w\" sizes=\"auto, (max-width: 683px) 100vw, 683px\" \/><\/figure>\n\n\n\n<figure class=\"wp-block-image size-large\"><img loading=\"lazy\" decoding=\"async\" width=\"683\" height=\"1024\" src=\"http:\/\/nemzetorseg.hu\/wp-content\/uploads\/2021\/09\/237391365_2108547812617705_2505649796421072758_n-683x1024.jpg\" alt=\"\" class=\"wp-image-1392\" srcset=\"http:\/\/nemzetorseg.hu\/wp-content\/uploads\/2021\/09\/237391365_2108547812617705_2505649796421072758_n-683x1024.jpg 683w, http:\/\/nemzetorseg.hu\/wp-content\/uploads\/2021\/09\/237391365_2108547812617705_2505649796421072758_n-200x300.jpg 200w, http:\/\/nemzetorseg.hu\/wp-content\/uploads\/2021\/09\/237391365_2108547812617705_2505649796421072758_n-768x1152.jpg 768w, http:\/\/nemzetorseg.hu\/wp-content\/uploads\/2021\/09\/237391365_2108547812617705_2505649796421072758_n-1024x1536.jpg 1024w, http:\/\/nemzetorseg.hu\/wp-content\/uploads\/2021\/09\/237391365_2108547812617705_2505649796421072758_n.jpg 1152w\" sizes=\"auto, (max-width: 683px) 100vw, 683px\" \/><\/figure>\n","protected":false},"excerpt":{"rendered":"<p>Szent R\u00f3kus az orvosok \u00e9s a pestises betegek, valamint Gy\u0151r-Sziget v\u00e9d\u0151szentje. A hagyom\u00e1nyos Gy\u0151r-Szigeti B\u00facs\u00fa \u00fcnneps\u00e9g\u00e9re 2021. augusztus 16-\u00e1n, h\u00e9tf\u0151n ker\u00fclt sor. A szentmise el\u0151tt&hellip;<\/p>\n","protected":false},"author":1,"featured_media":0,"comment_status":"closed","ping_status":"open","sticky":false,"template":"","format":"standard","meta":{"footnotes":""},"categories":[1],"tags":[],"class_list":["post-1386","post","type-post","status-publish","format-standard","hentry","category-egyeb"],"_links":{"self":[{"href":"http:\/\/nemzetorseg.hu\/index.php?rest_route=\/wp\/v2\/posts\/1386","targetHints":{"allow":["GET"]}}],"collection":[{"href":"http:\/\/nemzetorseg.hu\/index.php?rest_route=\/wp\/v2\/posts"}],"about":[{"href":"http:\/\/nemzetorseg.hu\/index.php?rest_route=\/wp\/v2\/types\/post"}],"author":[{"embeddable":true,"href":"http:\/\/nemzetorseg.hu\/index.php?rest_route=\/wp\/v2\/users\/1"}],"replies":[{"embeddable":true,"href":"http:\/\/nemzetorseg.hu\/index.php?rest_route=%2Fwp%2Fv2%2Fcomments&post=1386"}],"version-history":[{"count":1,"href":"http:\/\/nemzetorseg.hu\/index.php?rest_route=\/wp\/v2\/posts\/1386\/revisions"}],"predecessor-version":[{"id":1393,"href":"http:\/\/nemzetorseg.hu\/index.php?rest_route=\/wp\/v2\/posts\/1386\/revisions\/1393"}],"wp:attachment":[{"href":"http:\/\/nemzetorseg.hu\/index.php?rest_route=%2Fwp%2Fv2%2Fmedia&parent=1386"}],"wp:term":[{"taxonomy":"category","embeddable":true,"href":"http:\/\/nemzetorseg.hu\/index.php?rest_route=%2Fwp%2Fv2%2Fcategories&post=1386"},{"taxonomy":"post_tag","embeddable":true,"href":"http:\/\/nemzetorseg.hu\/index.php?rest_route=%2Fwp%2Fv2%2Ftags&post=1386"}],"curies":[{"name":"wp","href":"https:\/\/api.w.org\/{rel}","templated":true}]}}