{"id":1330,"date":"2021-07-04T12:03:29","date_gmt":"2021-07-04T12:03:29","guid":{"rendered":"http:\/\/nemzetorseg.hu\/?p=1330"},"modified":"2021-07-04T12:04:07","modified_gmt":"2021-07-04T12:04:07","slug":"2021-junius-27-az-mnosz-beszamolo-tisztujito-kozgyulese-kecskemeten","status":"publish","type":"post","link":"http:\/\/nemzetorseg.hu\/?p=1330","title":{"rendered":"2021. j\u00fanius 27. Az MNOSZ besz\u00e1mol\u00f3, tiszt\u00faj\u00edt\u00f3 k\u00f6zgy\u0171l\u00e9se Kecskem\u00e9ten."},"content":{"rendered":"\n<p>2021. j\u00fanius 27-\u00e9n Kecskem\u00e9ten volt a Magyar Nemzet\u0151r\u00f6k Orsz\u00e1gos Sz\u00f6vets\u00e9g\u00e9nek a besz\u00e1mol\u00f3, tiszt\u00faj\u00edt\u00f3 k\u00f6zgy\u0171l\u00e9se. A k\u00f6zgy\u0171l\u00e9s kezdetekor 1 perces n\u00e9ma f\u0151hajt\u00e1ssal ad\u00f3ztunk a k\u00f6zelm\u00faltban elhunyt bajt\u00e1rsaink eml\u00e9k\u00e9nek: vit\u00e9z lovag oroszi Marton Gy\u00f6rgy nemzet\u0151r alt\u00e1bornagy, Dr. vit\u00e9z lovag Horv\u00e1th Ede nemzet\u0151r alt\u00e1bornagy, valamint vit\u00e9z lovag Fekete Ferenc nemzet\u0151r alt\u00e1bornagy. A besz\u00e1mol\u00f3 meghallgat\u00e1sa, majd elfogad\u00e1s\u00e1t k\u00f6vet\u0151en a tiszt\u00faj\u00edt\u00e1s eredm\u00e9nyek\u00e9ppen az eln\u00f6ki, orsz\u00e1gos parancsnoki tiszts\u00e9gbe egyhang\u00fa jel\u00f6l\u00e9ssel \u00e9s szavazattal \u00fajabb 5 \u00e9vre Dr. lovag Doh\u00e1ny Andr\u00e1s nemzet\u0151r t\u00e1bornagy Urat v\u00e1lasztotta a k\u00f6zgy\u0171l\u00e9s. A 3 tag\u00fa Eln\u00f6ks\u00e9g tov\u00e1bbi k\u00e9t hely\u00e9re Sir Dr. vit\u00e9z Czap\u00e1ry-Martincsevics Andr\u00e1s nemzet\u0151r vez\u00e9r\u0151rnagy, az MNOSZ \u201eT\u00f6r\u00f6k Istv\u00e1n\u201d nev\u00e9t visel\u0151 Gy\u0151r-Moson-Sopron Megyei tagszervezete eln\u00f6k-parancsnoka, valamint lovag Varga Gyula nemzet\u0151r dand\u00e1rt\u00e1bornok, az MNOSZ Tolna Megyei tagszervezete eln\u00f6k-parancsnoka ker\u00fclt egyhang\u00fa v\u00e1laszt\u00e1ssal. Tiszteletbeli eln\u00f6k felk\u00e9r\u00e9st \u00e9s megb\u00edz\u00e1st kapott vit\u00e9z lovag Poly\u00e1k J\u00f3zsef nemzet\u0151r alt\u00e1bornagy \u00dar. Valamint \u201eAlap\u00edt\u00f3 eln\u00f6k\u201d felk\u00e9r\u00e9st \u00e9s megb\u00edz\u00e1st kapott lovag Kov\u00e1cs J\u00e1nos nemzet\u0151r alt\u00e1bornagy \u00dar.<\/p>\n\n\n\n<p>&#8222;Hagyom\u00e1nyainkban van a j\u00f6v\u0151nk \u00e9s a becs\u00fclet\u00fcnk!&#8221;<\/p>\n\n\n\n<figure class=\"wp-block-image size-large\"><img loading=\"lazy\" decoding=\"async\" width=\"1024\" height=\"766\" src=\"http:\/\/nemzetorseg.hu\/wp-content\/uploads\/2021\/07\/207378224_1179820789128520_4229146718519478732_n-1024x766.jpg\" alt=\"\" class=\"wp-image-1331\" srcset=\"http:\/\/nemzetorseg.hu\/wp-content\/uploads\/2021\/07\/207378224_1179820789128520_4229146718519478732_n-1024x766.jpg 1024w, http:\/\/nemzetorseg.hu\/wp-content\/uploads\/2021\/07\/207378224_1179820789128520_4229146718519478732_n-300x224.jpg 300w, http:\/\/nemzetorseg.hu\/wp-content\/uploads\/2021\/07\/207378224_1179820789128520_4229146718519478732_n-768x575.jpg 768w, http:\/\/nemzetorseg.hu\/wp-content\/uploads\/2021\/07\/207378224_1179820789128520_4229146718519478732_n-1536x1149.jpg 1536w, http:\/\/nemzetorseg.hu\/wp-content\/uploads\/2021\/07\/207378224_1179820789128520_4229146718519478732_n.jpg 2048w\" sizes=\"auto, (max-width: 1024px) 100vw, 1024px\" \/><\/figure>\n\n\n\n<figure class=\"wp-block-image size-large\"><img loading=\"lazy\" decoding=\"async\" width=\"1024\" height=\"766\" src=\"http:\/\/nemzetorseg.hu\/wp-content\/uploads\/2021\/07\/208671534_831009477809939_679679995227276915_n-1024x766.jpg\" alt=\"\" class=\"wp-image-1332\" srcset=\"http:\/\/nemzetorseg.hu\/wp-content\/uploads\/2021\/07\/208671534_831009477809939_679679995227276915_n-1024x766.jpg 1024w, http:\/\/nemzetorseg.hu\/wp-content\/uploads\/2021\/07\/208671534_831009477809939_679679995227276915_n-300x224.jpg 300w, http:\/\/nemzetorseg.hu\/wp-content\/uploads\/2021\/07\/208671534_831009477809939_679679995227276915_n-768x575.jpg 768w, http:\/\/nemzetorseg.hu\/wp-content\/uploads\/2021\/07\/208671534_831009477809939_679679995227276915_n-1536x1149.jpg 1536w, http:\/\/nemzetorseg.hu\/wp-content\/uploads\/2021\/07\/208671534_831009477809939_679679995227276915_n.jpg 2048w\" sizes=\"auto, (max-width: 1024px) 100vw, 1024px\" \/><\/figure>\n\n\n\n<figure class=\"wp-block-image size-large\"><img loading=\"lazy\" decoding=\"async\" width=\"1024\" height=\"766\" src=\"http:\/\/nemzetorseg.hu\/wp-content\/uploads\/2021\/07\/209584940_1261613757589117_6575622009707931885_n-1024x766.jpg\" alt=\"\" class=\"wp-image-1333\" srcset=\"http:\/\/nemzetorseg.hu\/wp-content\/uploads\/2021\/07\/209584940_1261613757589117_6575622009707931885_n-1024x766.jpg 1024w, http:\/\/nemzetorseg.hu\/wp-content\/uploads\/2021\/07\/209584940_1261613757589117_6575622009707931885_n-300x224.jpg 300w, http:\/\/nemzetorseg.hu\/wp-content\/uploads\/2021\/07\/209584940_1261613757589117_6575622009707931885_n-768x575.jpg 768w, http:\/\/nemzetorseg.hu\/wp-content\/uploads\/2021\/07\/209584940_1261613757589117_6575622009707931885_n-1536x1149.jpg 1536w, http:\/\/nemzetorseg.hu\/wp-content\/uploads\/2021\/07\/209584940_1261613757589117_6575622009707931885_n.jpg 2048w\" sizes=\"auto, (max-width: 1024px) 100vw, 1024px\" \/><\/figure>\n","protected":false},"excerpt":{"rendered":"<p>2021. j\u00fanius 27-\u00e9n Kecskem\u00e9ten volt a Magyar Nemzet\u0151r\u00f6k Orsz\u00e1gos Sz\u00f6vets\u00e9g\u00e9nek a besz\u00e1mol\u00f3, tiszt\u00faj\u00edt\u00f3 k\u00f6zgy\u0171l\u00e9se. A k\u00f6zgy\u0171l\u00e9s kezdetekor 1 perces n\u00e9ma f\u0151hajt\u00e1ssal ad\u00f3ztunk a k\u00f6zelm\u00faltban elhunyt&hellip;<\/p>\n","protected":false},"author":1,"featured_media":1331,"comment_status":"closed","ping_status":"open","sticky":false,"template":"","format":"standard","meta":{"footnotes":""},"categories":[1],"tags":[],"class_list":["post-1330","post","type-post","status-publish","format-standard","has-post-thumbnail","hentry","category-egyeb"],"_links":{"self":[{"href":"http:\/\/nemzetorseg.hu\/index.php?rest_route=\/wp\/v2\/posts\/1330","targetHints":{"allow":["GET"]}}],"collection":[{"href":"http:\/\/nemzetorseg.hu\/index.php?rest_route=\/wp\/v2\/posts"}],"about":[{"href":"http:\/\/nemzetorseg.hu\/index.php?rest_route=\/wp\/v2\/types\/post"}],"author":[{"embeddable":true,"href":"http:\/\/nemzetorseg.hu\/index.php?rest_route=\/wp\/v2\/users\/1"}],"replies":[{"embeddable":true,"href":"http:\/\/nemzetorseg.hu\/index.php?rest_route=%2Fwp%2Fv2%2Fcomments&post=1330"}],"version-history":[{"count":1,"href":"http:\/\/nemzetorseg.hu\/index.php?rest_route=\/wp\/v2\/posts\/1330\/revisions"}],"predecessor-version":[{"id":1334,"href":"http:\/\/nemzetorseg.hu\/index.php?rest_route=\/wp\/v2\/posts\/1330\/revisions\/1334"}],"wp:featuredmedia":[{"embeddable":true,"href":"http:\/\/nemzetorseg.hu\/index.php?rest_route=\/wp\/v2\/media\/1331"}],"wp:attachment":[{"href":"http:\/\/nemzetorseg.hu\/index.php?rest_route=%2Fwp%2Fv2%2Fmedia&parent=1330"}],"wp:term":[{"taxonomy":"category","embeddable":true,"href":"http:\/\/nemzetorseg.hu\/index.php?rest_route=%2Fwp%2Fv2%2Fcategories&post=1330"},{"taxonomy":"post_tag","embeddable":true,"href":"http:\/\/nemzetorseg.hu\/index.php?rest_route=%2Fwp%2Fv2%2Ftags&post=1330"}],"curies":[{"name":"wp","href":"https:\/\/api.w.org\/{rel}","templated":true}]}}