{"id":125,"date":"2019-02-21T19:13:37","date_gmt":"2019-02-21T19:13:37","guid":{"rendered":"http:\/\/nemzetorseg.hu\/?p=125"},"modified":"2019-02-21T19:27:22","modified_gmt":"2019-02-21T19:27:22","slug":"allamtitkari-level","status":"publish","type":"post","link":"http:\/\/nemzetorseg.hu\/?p=125","title":{"rendered":"\u00c1llamtitk\u00e1ri lev\u00e9l."},"content":{"rendered":"\n<div class=\"wp-block-file\"><a href=\"http:\/\/nemzetorseg.hu\/wp-content\/uploads\/2019\/02\/Allamtitkari-level.pdf\">Allamtitkari level<\/a><a href=\"http:\/\/nemzetorseg.hu\/wp-content\/uploads\/2019\/02\/Allamtitkari-level.pdf\" class=\"wp-block-file__button\" download>Download<\/a><\/div>\n\n\n\n<p>Kedves&nbsp; BAR\u00c1TAIM !<br>\nNagyon j\u00f3l esett, hogy a Magyar Korm\u00e1ny nev\u00e9ben L. Simon L\u00e1szl\u00f3&nbsp;\nMinisztereln\u00f6ks\u00e9g Kultur\u00e1lis \u00d6r\u00f6ks\u00e9gv\u00e9delem\u00e9rt \u00e9s Kiemelt Kultur\u00e1lis\nBeruh\u00e1z\u00e1sok\u00e9rt Felel\u0151s \u00c1llamtitk\u00e1ra,&nbsp; level\u00e9t elk\u00fcldte \u00e9s j\u00f3k\u00edv\u00e1ns\u00e1g\u00e1t\nfejezte ki sz\u00fclet\u00e9snapom alkalm\u00e1b\u00f3l!<br>\n<br>\n<\/p>\n\n\n\n<p>Tisztelt Engel Gy\u00f6rgy!<br>\n&nbsp;&nbsp; <br>\nEngedje meg, hogy a MINISZTERELN\u00d6KS\u00c9G \u00e1llamtitk\u00e1rak\u00e9nt ez\u00faton gratul\u00e1ljak&nbsp;\n\u00d6nnek a k\u00f6zelm\u00faltban bet\u00f6lt\u00f6tt 70. \u00e9let\u00e9ve alkalm\u00e1b\u00f3l. Igen nagyra \u00e9rt\u00e9kelem\n\u00edr\u00f3i, \u00fajs\u00e1g\u00edr\u00f3i, m\u0171ford\u00edt\u00f3i, tud\u00f3s\u00edt\u00f3i munk\u00e1ss\u00e1g\u00e1t, amely a kort\u00e1rs nemzeti\nirodalom fontos r\u00e9sz\u00e9t k\u00e9pezi.<br>\n<br>\n&nbsp; Munk\u00e1j\u00e1hoz tov\u00e1bbi sok sikert \u00e9s j\u00f3 eg\u00e9szs\u00e9get k\u00edv\u00e1nok!<br>\n&nbsp; &nbsp; <br>\nBudapest, 2016 j\u00fanius 6.<\/p>\n\n\n\n<p>&nbsp;&nbsp; &nbsp; &nbsp;\n&nbsp; &nbsp; &nbsp; &nbsp; &nbsp; &nbsp; &nbsp; &nbsp; &nbsp; &nbsp; &nbsp;\n&nbsp; &nbsp; &nbsp; &nbsp; &nbsp; &nbsp; &nbsp; &nbsp; &nbsp; &nbsp;&nbsp; \u00dcdv\u00f6zlettel:&nbsp;&nbsp;&nbsp;&nbsp;&nbsp;&nbsp;&nbsp;&nbsp;&nbsp;&nbsp;&nbsp;&nbsp;&nbsp;&nbsp;&nbsp;&nbsp;&nbsp;&nbsp;&nbsp;&nbsp;&nbsp;&nbsp;&nbsp;&nbsp;&nbsp;&nbsp;&nbsp;&nbsp;&nbsp;&nbsp;&nbsp;&nbsp;&nbsp;&nbsp;&nbsp;&nbsp;&nbsp;&nbsp;&nbsp;&nbsp;&nbsp;&nbsp;&nbsp;&nbsp;&nbsp;&nbsp;&nbsp;&nbsp;&nbsp;&nbsp;&nbsp;&nbsp;&nbsp;&nbsp;&nbsp;&nbsp;&nbsp;&nbsp;&nbsp;&nbsp;&nbsp;&nbsp;&nbsp;&nbsp;&nbsp;&nbsp;&nbsp;&nbsp;&nbsp;&nbsp;&nbsp;&nbsp;&nbsp;&nbsp;&nbsp;&nbsp;&nbsp;&nbsp;&nbsp;&nbsp;&nbsp;&nbsp;&nbsp;&nbsp;&nbsp;&nbsp;&nbsp;&nbsp;&nbsp;&nbsp;&nbsp;&nbsp;&nbsp;&nbsp;&nbsp;&nbsp;&nbsp;&nbsp;&nbsp;&nbsp;&nbsp;&nbsp;&nbsp;&nbsp;&nbsp;&nbsp;&nbsp;&nbsp;&nbsp;&nbsp;&nbsp;&nbsp;&nbsp;&nbsp;&nbsp;&nbsp;&nbsp;&nbsp;&nbsp;&nbsp;\nL. Simon L\u00e1szl\u00f3<br>\n<br>\n<\/p>\n","protected":false},"excerpt":{"rendered":"<p>Kedves&nbsp; BAR\u00c1TAIM ! Nagyon j\u00f3l esett, hogy a Magyar Korm\u00e1ny nev\u00e9ben L. Simon L\u00e1szl\u00f3&nbsp; Minisztereln\u00f6ks\u00e9g Kultur\u00e1lis \u00d6r\u00f6ks\u00e9gv\u00e9delem\u00e9rt \u00e9s Kiemelt Kultur\u00e1lis Beruh\u00e1z\u00e1sok\u00e9rt Felel\u0151s \u00c1llamtitk\u00e1ra,&nbsp; level\u00e9t elk\u00fcldte&hellip;<\/p>\n","protected":false},"author":1,"featured_media":112,"comment_status":"closed","ping_status":"open","sticky":false,"template":"","format":"standard","meta":{"footnotes":""},"categories":[1],"tags":[],"class_list":["post-125","post","type-post","status-publish","format-standard","has-post-thumbnail","hentry","category-egyeb"],"_links":{"self":[{"href":"http:\/\/nemzetorseg.hu\/index.php?rest_route=\/wp\/v2\/posts\/125","targetHints":{"allow":["GET"]}}],"collection":[{"href":"http:\/\/nemzetorseg.hu\/index.php?rest_route=\/wp\/v2\/posts"}],"about":[{"href":"http:\/\/nemzetorseg.hu\/index.php?rest_route=\/wp\/v2\/types\/post"}],"author":[{"embeddable":true,"href":"http:\/\/nemzetorseg.hu\/index.php?rest_route=\/wp\/v2\/users\/1"}],"replies":[{"embeddable":true,"href":"http:\/\/nemzetorseg.hu\/index.php?rest_route=%2Fwp%2Fv2%2Fcomments&post=125"}],"version-history":[{"count":1,"href":"http:\/\/nemzetorseg.hu\/index.php?rest_route=\/wp\/v2\/posts\/125\/revisions"}],"predecessor-version":[{"id":127,"href":"http:\/\/nemzetorseg.hu\/index.php?rest_route=\/wp\/v2\/posts\/125\/revisions\/127"}],"wp:featuredmedia":[{"embeddable":true,"href":"http:\/\/nemzetorseg.hu\/index.php?rest_route=\/wp\/v2\/media\/112"}],"wp:attachment":[{"href":"http:\/\/nemzetorseg.hu\/index.php?rest_route=%2Fwp%2Fv2%2Fmedia&parent=125"}],"wp:term":[{"taxonomy":"category","embeddable":true,"href":"http:\/\/nemzetorseg.hu\/index.php?rest_route=%2Fwp%2Fv2%2Fcategories&post=125"},{"taxonomy":"post_tag","embeddable":true,"href":"http:\/\/nemzetorseg.hu\/index.php?rest_route=%2Fwp%2Fv2%2Ftags&post=125"}],"curies":[{"name":"wp","href":"https:\/\/api.w.org\/{rel}","templated":true}]}}