{"id":1200,"date":"2021-07-04T11:00:57","date_gmt":"2021-07-04T11:00:57","guid":{"rendered":"http:\/\/nemzetorseg.hu\/?p=1200"},"modified":"2021-07-04T11:01:39","modified_gmt":"2021-07-04T11:01:39","slug":"bucsuztato","status":"publish","type":"post","link":"http:\/\/nemzetorseg.hu\/?p=1200","title":{"rendered":"B\u00facs\u00faztat\u00f3."},"content":{"rendered":"\n<p>2020. december 10-\u00e9n m\u00e9ly r\u00e9szv\u00e9t mellett b\u00facs\u00faztattuk \u00e9s k\u00eds\u00e9rt\u00fck utols\u00f3 \u00fatj\u00e1ra a november 27-\u00e9n elhunyt Dr. J\u00e1mbor Attila nemzet\u0151r vez\u00e9r\u0151rnagy Urat.<\/p>\n\n\n\n<p>&#8222;Amilyen hossz\u00fa volt az \u00fat,<\/p>\n\n\n\n<p>annyi sz\u00e9pet rejt a m\u00falt!&#8230;<\/p>\n\n\n\n<p>Az ember a m\u00faltba<\/p>\n\n\n\n<p>ezerszer visszan\u00e9z,<\/p>\n\n\n\n<p>k\u00f6nny\u0171nek l\u00e1tszik a b\u00facs\u00faz\u00e1s.<\/p>\n\n\n\n<p>De b\u00facs\u00fazni mindig neh\u00e9z.&#8221;<\/p>\n\n\n\n<p>(B\u00f3di Ir\u00e9n Az id\u0151 vonal\u00e1n)<\/p>\n\n\n\n<p>Dr. J\u00e1mbor Attila (1944. 02. 27. &#8211; 2020. 11. 27.) kiv\u00e9telesen gazdag \u00e9letutat mondhat mag\u00e1\u00e9nak. Mint Dr. F\u00f6ldesi P\u00e9ter \u00dar, a Sz\u00e9chenyi Istv\u00e1n Egyetem rektora b\u00facs\u00faztat\u00f3j\u00e1ban elmondta bajt\u00e1rsunk t\u00f6bb, mint 40 \u00e9vet t\u00f6lt\u00f6tt el a m\u0171szaki fels\u0151oktat\u00e1sban \u00e9s az Egyetemen az informatikai \u00e9s sz\u00e1m\u00edt\u00e1stechnikai k\u00e9pz\u00e9s tervez\u00e9s\u00e9ben, megszervez\u00e9s\u00e9ben, majd m\u0171vel\u00e9s\u00e9ben oroszl\u00e1nszerepet v\u00e1llalt hal\u00e1l\u00e1ig. Csal\u00e1dszeret\u0151, csal\u00e1dj\u00e1\u00e9rt minden \u00e1ldozatot v\u00e1llal\u00f3 ember volt, a Nemzet\u0151rs\u00e9g egyik alap\u00edt\u00f3j\u00e1t tisztelj\u00fck szem\u00e9ly\u00e9ben, k\u00f6zel 10 \u00e9vig tagja volt Sz\u00f6vets\u00e9g\u00fcnk Eln\u00f6ks\u00e9g\u00e9nek. A Megyei K\u00e9zilabda Sz\u00f6vets\u00e9g egyik aleln\u00f6kek\u00e9nt meghat\u00e1roz\u00f3 szerepet v\u00e1llalt Gy\u0151r \u00e9s a megye k\u00e9zilabdasportj\u00e1nak a fejleszt\u00e9s\u00e9\u00e9rt. Eml\u00e9k\u00e9t meg\u0151rizz\u00fck, a csal\u00e1ddal osztozunk gy\u00e1szukban. Dr. J\u00e1mbor Attila nemzet\u0151r vez\u00e9r\u0151rnagy bajt\u00e1rsunkat p\u00e9ldak\u00e9nt \u00e1ll\u00edtjuk a eg\u00e9sz Magyar Nemzet\u0151rs\u00e9g \u00e1llom\u00e1nya el\u00e9! Temet\u00e9s\u00e9n csapatz\u00e1szl\u00f3nkkal \u00e9s d\u00edsz\u0151rs\u00e9ggel b\u00facs\u00faztunk T\u0151le!<\/p>\n\n\n\n<p>A f\u00e9nyk\u00e9pek\u00e9rt k\u00f6sz\u00f6net illeti vit\u00e9z Peterdy Gy\u00f6rgy\u00f6t.<\/p>\n\n\n\n<figure class=\"wp-block-image size-large\"><img loading=\"lazy\" decoding=\"async\" width=\"662\" height=\"1024\" src=\"http:\/\/nemzetorseg.hu\/wp-content\/uploads\/2021\/07\/Dr.-Jambor-Attila-662x1024.jpg\" alt=\"\" class=\"wp-image-1201\" srcset=\"http:\/\/nemzetorseg.hu\/wp-content\/uploads\/2021\/07\/Dr.-Jambor-Attila-662x1024.jpg 662w, http:\/\/nemzetorseg.hu\/wp-content\/uploads\/2021\/07\/Dr.-Jambor-Attila-194x300.jpg 194w, http:\/\/nemzetorseg.hu\/wp-content\/uploads\/2021\/07\/Dr.-Jambor-Attila.jpg 684w\" sizes=\"auto, (max-width: 662px) 100vw, 662px\" \/><\/figure>\n\n\n\n<figure class=\"wp-block-image size-large\"><img loading=\"lazy\" decoding=\"async\" width=\"1024\" height=\"683\" src=\"http:\/\/nemzetorseg.hu\/wp-content\/uploads\/2021\/07\/1-1024x683.jpg\" alt=\"\" class=\"wp-image-1202\" srcset=\"http:\/\/nemzetorseg.hu\/wp-content\/uploads\/2021\/07\/1-1024x683.jpg 1024w, http:\/\/nemzetorseg.hu\/wp-content\/uploads\/2021\/07\/1-300x200.jpg 300w, http:\/\/nemzetorseg.hu\/wp-content\/uploads\/2021\/07\/1-768x512.jpg 768w, http:\/\/nemzetorseg.hu\/wp-content\/uploads\/2021\/07\/1-1536x1024.jpg 1536w, http:\/\/nemzetorseg.hu\/wp-content\/uploads\/2021\/07\/1.jpg 1728w\" sizes=\"auto, (max-width: 1024px) 100vw, 1024px\" \/><\/figure>\n\n\n\n<figure class=\"wp-block-image size-large\"><img loading=\"lazy\" decoding=\"async\" width=\"1024\" height=\"683\" src=\"http:\/\/nemzetorseg.hu\/wp-content\/uploads\/2021\/07\/2-1024x683.jpg\" alt=\"\" class=\"wp-image-1203\" srcset=\"http:\/\/nemzetorseg.hu\/wp-content\/uploads\/2021\/07\/2-1024x683.jpg 1024w, http:\/\/nemzetorseg.hu\/wp-content\/uploads\/2021\/07\/2-300x200.jpg 300w, http:\/\/nemzetorseg.hu\/wp-content\/uploads\/2021\/07\/2-768x512.jpg 768w, http:\/\/nemzetorseg.hu\/wp-content\/uploads\/2021\/07\/2-1536x1024.jpg 1536w, http:\/\/nemzetorseg.hu\/wp-content\/uploads\/2021\/07\/2.jpg 1728w\" sizes=\"auto, (max-width: 1024px) 100vw, 1024px\" \/><\/figure>\n\n\n\n<figure class=\"wp-block-image size-large\"><img loading=\"lazy\" decoding=\"async\" width=\"1728\" height=\"1152\" src=\"http:\/\/nemzetorseg.hu\/wp-content\/uploads\/2021\/07\/3-1024x683.jpg\" alt=\"\" class=\"wp-image-1204\" srcset=\"http:\/\/nemzetorseg.hu\/wp-content\/uploads\/2021\/07\/3-1024x683.jpg 1024w, http:\/\/nemzetorseg.hu\/wp-content\/uploads\/2021\/07\/3-300x200.jpg 300w, http:\/\/nemzetorseg.hu\/wp-content\/uploads\/2021\/07\/3-768x512.jpg 768w, http:\/\/nemzetorseg.hu\/wp-content\/uploads\/2021\/07\/3-1536x1024.jpg 1536w, http:\/\/nemzetorseg.hu\/wp-content\/uploads\/2021\/07\/3.jpg 1728w\" sizes=\"auto, (max-width: 1728px) 100vw, 1728px\" \/><\/figure>\n\n\n\n<figure class=\"wp-block-image size-large\"><img loading=\"lazy\" decoding=\"async\" width=\"1024\" height=\"683\" src=\"http:\/\/nemzetorseg.hu\/wp-content\/uploads\/2021\/07\/4-1024x683.jpg\" alt=\"\" class=\"wp-image-1205\" srcset=\"http:\/\/nemzetorseg.hu\/wp-content\/uploads\/2021\/07\/4-1024x683.jpg 1024w, http:\/\/nemzetorseg.hu\/wp-content\/uploads\/2021\/07\/4-300x200.jpg 300w, http:\/\/nemzetorseg.hu\/wp-content\/uploads\/2021\/07\/4-768x512.jpg 768w, http:\/\/nemzetorseg.hu\/wp-content\/uploads\/2021\/07\/4-1536x1024.jpg 1536w, http:\/\/nemzetorseg.hu\/wp-content\/uploads\/2021\/07\/4.jpg 1728w\" sizes=\"auto, (max-width: 1024px) 100vw, 1024px\" \/><\/figure>\n","protected":false},"excerpt":{"rendered":"<p>2020. december 10-\u00e9n m\u00e9ly r\u00e9szv\u00e9t mellett b\u00facs\u00faztattuk \u00e9s k\u00eds\u00e9rt\u00fck utols\u00f3 \u00fatj\u00e1ra a november 27-\u00e9n elhunyt Dr. J\u00e1mbor Attila nemzet\u0151r vez\u00e9r\u0151rnagy Urat. &#8222;Amilyen hossz\u00fa volt az&hellip;<\/p>\n","protected":false},"author":1,"featured_media":1201,"comment_status":"closed","ping_status":"open","sticky":false,"template":"","format":"standard","meta":{"footnotes":""},"categories":[1],"tags":[],"class_list":["post-1200","post","type-post","status-publish","format-standard","has-post-thumbnail","hentry","category-egyeb"],"_links":{"self":[{"href":"http:\/\/nemzetorseg.hu\/index.php?rest_route=\/wp\/v2\/posts\/1200","targetHints":{"allow":["GET"]}}],"collection":[{"href":"http:\/\/nemzetorseg.hu\/index.php?rest_route=\/wp\/v2\/posts"}],"about":[{"href":"http:\/\/nemzetorseg.hu\/index.php?rest_route=\/wp\/v2\/types\/post"}],"author":[{"embeddable":true,"href":"http:\/\/nemzetorseg.hu\/index.php?rest_route=\/wp\/v2\/users\/1"}],"replies":[{"embeddable":true,"href":"http:\/\/nemzetorseg.hu\/index.php?rest_route=%2Fwp%2Fv2%2Fcomments&post=1200"}],"version-history":[{"count":1,"href":"http:\/\/nemzetorseg.hu\/index.php?rest_route=\/wp\/v2\/posts\/1200\/revisions"}],"predecessor-version":[{"id":1206,"href":"http:\/\/nemzetorseg.hu\/index.php?rest_route=\/wp\/v2\/posts\/1200\/revisions\/1206"}],"wp:featuredmedia":[{"embeddable":true,"href":"http:\/\/nemzetorseg.hu\/index.php?rest_route=\/wp\/v2\/media\/1201"}],"wp:attachment":[{"href":"http:\/\/nemzetorseg.hu\/index.php?rest_route=%2Fwp%2Fv2%2Fmedia&parent=1200"}],"wp:term":[{"taxonomy":"category","embeddable":true,"href":"http:\/\/nemzetorseg.hu\/index.php?rest_route=%2Fwp%2Fv2%2Fcategories&post=1200"},{"taxonomy":"post_tag","embeddable":true,"href":"http:\/\/nemzetorseg.hu\/index.php?rest_route=%2Fwp%2Fv2%2Ftags&post=1200"}],"curies":[{"name":"wp","href":"https:\/\/api.w.org\/{rel}","templated":true}]}}