{"id":1187,"date":"2021-06-15T18:50:01","date_gmt":"2021-06-15T18:50:01","guid":{"rendered":"http:\/\/nemzetorseg.hu\/?p=1187"},"modified":"2021-06-24T14:48:12","modified_gmt":"2021-06-24T14:48:12","slug":"mnosz-kozgyules","status":"publish","type":"post","link":"http:\/\/nemzetorseg.hu\/?p=1187","title":{"rendered":"MNOSZ K\u00f6zgy\u0171l\u00e9s"},"content":{"rendered":"\n<figure class=\"wp-block-table\"><table><tbody><tr><td><\/td><\/tr><\/tbody><\/table><\/figure>\n\n\n\n<p>MAGYAR NEMZET\u0150R\u00d6K<\/p>\n\n\n\n<p>ORSZ\u00c1GOS SZ\u00d6VETS\u00c9GE<\/p>\n\n\n\n<p>3535 MISKOLC, EL\u0150HEGY u. 114.<\/p>\n\n\n\n<p><strong>MEGH\u00cdV\u00d3<\/strong><\/p>\n\n\n\n<p><strong>Tisztelt Megyei Nemzet\u0151r Vezet\u0151k, Eln\u00f6k Urak!<\/strong><\/p>\n\n\n\n<p>\u00c9rtes\u00edtem, hogy a 2020. december 12.-\u00e9re tervezett a vesz\u00e9lyhelyzet meghosszabb\u00edt\u00e1sa miatt elmaradt k\u00f6zgy\u0171l\u00e9st<\/p>\n\n\n\n<p>2021. j\u00fanius 27.-\u00e9n Vas\u00e1rnap 14:00 \u00f3rakor tartja.<\/p>\n\n\n\n<p>Hat\u00e1rozatk\u00e9ptelens\u00e9g eset\u00e9n 15:00 \u00f3ra az \u00fajra \u00f6sszeh\u00edvott k\u00f6zgy\u0171l\u00e9s id\u0151pontja. A helysz\u00edn \u00e9s a napirendi pontok v\u00e1ltozatlanok.<\/p>\n\n\n\n<p><strong><u>Helye:<\/u><\/strong> 6000 Kecskem\u00e9t, Fels\u0151csal\u00e1nos 54. Nemzet\u0151r iroda.<\/p>\n\n\n\n<p>A k\u00f6zgy\u0171l\u00e9sre tisztelettel megh\u00edvom, megjelen\u00e9s\u00e9re \u00e9s k\u00f6zrem\u0171k\u00f6d\u00e9s\u00e9re sz\u00e1m\u00edtunk.<\/p>\n\n\n\n<p>Napirend el\u0151tti felsz\u00f3lal\u00e1sok.<\/p>\n\n\n\n<p>Napirendi pontok:<\/p>\n\n\n\n<p>1.\/ A k\u00f6zgy\u0171l\u00e9s tiszts\u00e9gvisel\u0151inek megv\u00e1laszt\u00e1sa. Levezet\u0151 eln\u00f6k.<\/p>\n\n\n\n<p>2.\/ Az Alapszab\u00e1ly m\u00f3dos\u00edt\u00e1s\u00e1ra javaslat, hozz\u00e1sz\u00f3l\u00e1sok. Elfogad\u00e1sr\u00f3l hat\u00e1rozathozatal.<\/p>\n\n\n\n<p>3.\/ Eln\u00f6ks\u00e9gi besz\u00e1mol\u00f3 2019-20 \u00e9vi tev\u00e9kenys\u00e9g\u00e9r\u0151l. P\u00e9nz\u00fcgyi besz\u00e1mol\u00f3 \u00e9s m\u00e9rleg ismertet\u00e9se.<\/p>\n\n\n\n<p>4.\/ Az Ellen\u0151rz\u0151 bizotts\u00e1g besz\u00e1mol\u00f3ja a 2019-20 \u00e9vi tev\u00e9kenys\u00e9g\u00e9r\u0151l.<\/p>\n\n\n\n<p>5.\/ Hozz\u00e1sz\u00f3l\u00e1sok \u00e9s hat\u00e1rozathozatal a 3-4 napirendi pontokr\u00f3l.<\/p>\n\n\n\n<p>6.\/ Javaslat a 2020.-21 \u00e9vi feladatokra, a Sz\u00f6vets\u00e9g k\u00f6lts\u00e9gvet\u00e9s\u00e9re.<\/p>\n\n\n\n<p>7.\/ Polg\u00e1ri Bank Zrt-n\u00e9l vezetett MNOSZ 61200429-10001875 banksz\u00e1mla z\u00e1rol\u00e1ssal kapcsolatos feladatok, hat\u00e1rozathozatal a jelenlegi banksz\u00e1mlasz\u00e1m felmond\u00e1s\u00e1r\u00f3l \u00e9s \u00faj banksz\u00e1mla nyit\u00e1s\u00e1r\u00f3l.<\/p>\n\n\n\n<p>8.\/ A jel\u00f6l\u0151 bizotts\u00e1g besz\u00e1mol\u00f3ja, javaslat a Sz\u00f6vets\u00e9g \u00faj tiszts\u00e9gvisel\u0151ire.<\/p>\n\n\n\n<p>9.\/ A Sz\u00f6vets\u00e9g tiszts\u00e9gvisel\u0151inek megv\u00e1laszt\u00e1sa. Hat\u00e1rozathozatal.<\/p>\n\n\n\n<p>Hat\u00e1rozatk\u00e9ptelens\u00e9g eset\u00e9n az Alapszab\u00e1ly VI. fejezet 23. pontja alapj\u00e1n kell elj\u00e1rni.<\/p>\n\n\n\n<p>A megism\u00e9telt k\u00f6zgy\u0171l\u00e9s a tagok egyszer\u0171 t\u00f6bbs\u00e9ge (50 % + 1 tag) szem\u00e9lyes jelenl\u00e9te eset\u00e9n hat\u00e1rozatk\u00e9pes, mely t\u00e9nyre a megh\u00edv\u00f3ban utalni kell, \u00edgy a tagok t\u00e1volmarad\u00e1suk jogk\u00f6vetkezm\u00e9nyeinek ismeret\u00e9ben d\u00f6nthetnek a r\u00e9szv\u00e9tel\u00fck k\u00e9rd\u00e9s\u00e9ben is.<\/p>\n\n\n\n<p>Miskolc, 2021. j\u00fanius 18.<\/p>\n\n\n\n<p>Dr. Doh\u00e1ny Andr\u00e1s<\/p>\n\n\n\n<p>eln\u00f6k<\/p>\n","protected":false},"excerpt":{"rendered":"<p>MAGYAR NEMZET\u0150R\u00d6K ORSZ\u00c1GOS SZ\u00d6VETS\u00c9GE 3535 MISKOLC, EL\u0150HEGY u. 114. MEGH\u00cdV\u00d3 Tisztelt Megyei Nemzet\u0151r Vezet\u0151k, Eln\u00f6k Urak! \u00c9rtes\u00edtem, hogy a 2020. december 12.-\u00e9re tervezett a vesz\u00e9lyhelyzet&hellip;<\/p>\n","protected":false},"author":1,"featured_media":64,"comment_status":"closed","ping_status":"open","sticky":false,"template":"","format":"standard","meta":{"footnotes":""},"categories":[1],"tags":[],"class_list":["post-1187","post","type-post","status-publish","format-standard","has-post-thumbnail","hentry","category-egyeb"],"_links":{"self":[{"href":"http:\/\/nemzetorseg.hu\/index.php?rest_route=\/wp\/v2\/posts\/1187","targetHints":{"allow":["GET"]}}],"collection":[{"href":"http:\/\/nemzetorseg.hu\/index.php?rest_route=\/wp\/v2\/posts"}],"about":[{"href":"http:\/\/nemzetorseg.hu\/index.php?rest_route=\/wp\/v2\/types\/post"}],"author":[{"embeddable":true,"href":"http:\/\/nemzetorseg.hu\/index.php?rest_route=\/wp\/v2\/users\/1"}],"replies":[{"embeddable":true,"href":"http:\/\/nemzetorseg.hu\/index.php?rest_route=%2Fwp%2Fv2%2Fcomments&post=1187"}],"version-history":[{"count":2,"href":"http:\/\/nemzetorseg.hu\/index.php?rest_route=\/wp\/v2\/posts\/1187\/revisions"}],"predecessor-version":[{"id":1191,"href":"http:\/\/nemzetorseg.hu\/index.php?rest_route=\/wp\/v2\/posts\/1187\/revisions\/1191"}],"wp:featuredmedia":[{"embeddable":true,"href":"http:\/\/nemzetorseg.hu\/index.php?rest_route=\/wp\/v2\/media\/64"}],"wp:attachment":[{"href":"http:\/\/nemzetorseg.hu\/index.php?rest_route=%2Fwp%2Fv2%2Fmedia&parent=1187"}],"wp:term":[{"taxonomy":"category","embeddable":true,"href":"http:\/\/nemzetorseg.hu\/index.php?rest_route=%2Fwp%2Fv2%2Fcategories&post=1187"},{"taxonomy":"post_tag","embeddable":true,"href":"http:\/\/nemzetorseg.hu\/index.php?rest_route=%2Fwp%2Fv2%2Ftags&post=1187"}],"curies":[{"name":"wp","href":"https:\/\/api.w.org\/{rel}","templated":true}]}}