{"id":1168,"date":"2021-05-30T16:48:23","date_gmt":"2021-05-30T16:48:23","guid":{"rendered":"http:\/\/nemzetorseg.hu\/?p=1168"},"modified":"2021-05-30T16:49:33","modified_gmt":"2021-05-30T16:49:33","slug":"hosok-napi-megemlekezes","status":"publish","type":"post","link":"http:\/\/nemzetorseg.hu\/?p=1168","title":{"rendered":"H\u0151s\u00f6k napi megeml\u00e9kez\u00e9s."},"content":{"rendered":"\n<p>A Magyar h\u0151s\u00f6kre eml\u00e9kezt\u00fcnk az I. vil\u00e1gh\u00e1bor\u00fas eml\u00e9km\u0171n\u00e9l, mint minden \u00e9vben a Tolna Megyei Nemzet\u0151rs\u00e9g tagjai. Mindenkinek nagy j\u00f3 eg\u00e9szs\u00e9get \u00e9s er\u0151t k\u00edv\u00e1nok! Ne feledj\u00fck, hogy a h\u0151seinkre meg kell eml\u00e9kezni, mert \u00e9rt\u00fcnk harcoltak.<\/p>\n\n\n\n<p>Varga Gyula nemzet\u0151r ddtbk.<\/p>\n\n\n\n<figure class=\"wp-block-image size-large\"><img loading=\"lazy\" decoding=\"async\" width=\"960\" height=\"718\" src=\"http:\/\/nemzetorseg.hu\/wp-content\/uploads\/2021\/05\/191015488_4132257036862953_7222484489397069642_n.jpg\" alt=\"\" class=\"wp-image-1169\" srcset=\"http:\/\/nemzetorseg.hu\/wp-content\/uploads\/2021\/05\/191015488_4132257036862953_7222484489397069642_n.jpg 960w, http:\/\/nemzetorseg.hu\/wp-content\/uploads\/2021\/05\/191015488_4132257036862953_7222484489397069642_n-300x224.jpg 300w, http:\/\/nemzetorseg.hu\/wp-content\/uploads\/2021\/05\/191015488_4132257036862953_7222484489397069642_n-768x574.jpg 768w\" sizes=\"auto, (max-width: 960px) 100vw, 960px\" \/><\/figure>\n\n\n\n<figure class=\"wp-block-image size-large\"><img loading=\"lazy\" decoding=\"async\" width=\"718\" height=\"960\" src=\"http:\/\/nemzetorseg.hu\/wp-content\/uploads\/2021\/05\/191881594_138834454966193_2475091653926426212_n.jpg\" alt=\"\" class=\"wp-image-1170\" srcset=\"http:\/\/nemzetorseg.hu\/wp-content\/uploads\/2021\/05\/191881594_138834454966193_2475091653926426212_n.jpg 718w, http:\/\/nemzetorseg.hu\/wp-content\/uploads\/2021\/05\/191881594_138834454966193_2475091653926426212_n-224x300.jpg 224w\" sizes=\"auto, (max-width: 718px) 100vw, 718px\" \/><\/figure>\n\n\n\n<figure class=\"wp-block-image size-large\"><img loading=\"lazy\" decoding=\"async\" width=\"718\" height=\"960\" src=\"http:\/\/nemzetorseg.hu\/wp-content\/uploads\/2021\/05\/191341697_311807880527378_290873797934166243_n.jpg\" alt=\"\" class=\"wp-image-1171\" srcset=\"http:\/\/nemzetorseg.hu\/wp-content\/uploads\/2021\/05\/191341697_311807880527378_290873797934166243_n.jpg 718w, http:\/\/nemzetorseg.hu\/wp-content\/uploads\/2021\/05\/191341697_311807880527378_290873797934166243_n-224x300.jpg 224w\" sizes=\"auto, (max-width: 718px) 100vw, 718px\" \/><\/figure>\n","protected":false},"excerpt":{"rendered":"<p>A Magyar h\u0151s\u00f6kre eml\u00e9kezt\u00fcnk az I. vil\u00e1gh\u00e1bor\u00fas eml\u00e9km\u0171n\u00e9l, mint minden \u00e9vben a Tolna Megyei Nemzet\u0151rs\u00e9g tagjai. Mindenkinek nagy j\u00f3 eg\u00e9szs\u00e9get \u00e9s er\u0151t k\u00edv\u00e1nok! Ne feledj\u00fck,&hellip;<\/p>\n","protected":false},"author":1,"featured_media":1171,"comment_status":"closed","ping_status":"open","sticky":false,"template":"","format":"standard","meta":{"footnotes":""},"categories":[1],"tags":[],"class_list":["post-1168","post","type-post","status-publish","format-standard","has-post-thumbnail","hentry","category-egyeb"],"_links":{"self":[{"href":"http:\/\/nemzetorseg.hu\/index.php?rest_route=\/wp\/v2\/posts\/1168","targetHints":{"allow":["GET"]}}],"collection":[{"href":"http:\/\/nemzetorseg.hu\/index.php?rest_route=\/wp\/v2\/posts"}],"about":[{"href":"http:\/\/nemzetorseg.hu\/index.php?rest_route=\/wp\/v2\/types\/post"}],"author":[{"embeddable":true,"href":"http:\/\/nemzetorseg.hu\/index.php?rest_route=\/wp\/v2\/users\/1"}],"replies":[{"embeddable":true,"href":"http:\/\/nemzetorseg.hu\/index.php?rest_route=%2Fwp%2Fv2%2Fcomments&post=1168"}],"version-history":[{"count":1,"href":"http:\/\/nemzetorseg.hu\/index.php?rest_route=\/wp\/v2\/posts\/1168\/revisions"}],"predecessor-version":[{"id":1172,"href":"http:\/\/nemzetorseg.hu\/index.php?rest_route=\/wp\/v2\/posts\/1168\/revisions\/1172"}],"wp:featuredmedia":[{"embeddable":true,"href":"http:\/\/nemzetorseg.hu\/index.php?rest_route=\/wp\/v2\/media\/1171"}],"wp:attachment":[{"href":"http:\/\/nemzetorseg.hu\/index.php?rest_route=%2Fwp%2Fv2%2Fmedia&parent=1168"}],"wp:term":[{"taxonomy":"category","embeddable":true,"href":"http:\/\/nemzetorseg.hu\/index.php?rest_route=%2Fwp%2Fv2%2Fcategories&post=1168"},{"taxonomy":"post_tag","embeddable":true,"href":"http:\/\/nemzetorseg.hu\/index.php?rest_route=%2Fwp%2Fv2%2Ftags&post=1168"}],"curies":[{"name":"wp","href":"https:\/\/api.w.org\/{rel}","templated":true}]}}