{"id":1133,"date":"2021-01-15T11:35:08","date_gmt":"2021-01-15T11:35:08","guid":{"rendered":"http:\/\/nemzetorseg.hu\/?p=1133"},"modified":"2021-01-15T11:35:37","modified_gmt":"2021-01-15T11:35:37","slug":"adomany-a-raszoruloknak","status":"publish","type":"post","link":"http:\/\/nemzetorseg.hu\/?p=1133","title":{"rendered":"Adom\u00e1ny a r\u00e1szorul\u00f3knak."},"content":{"rendered":"\n<p>Ma ism\u00e9t adom\u00e1ny\u00e9rt indult a Magyar Nemzet\u0151rs\u00e9g h\u00e1rom teheraut\u00f3 \u00e1ru\u00e9rt,ami majd a r\u00e1szorul\u00f3k r\u00e9sz\u00e9re lesz kiosztva term\u00e9szetesen ingyen. K\u00f6sz\u00f6net a Nemzet\u0151r\u00f6knek \u00e9s civil ember t\u00e1rsaiknak, fuvarosunknak D\u00f6lles L\u00e1szl\u00f3nak! K\u00e9sz\u00fcl\u00fcnk a tavaszi oszt\u00e1sra, ami kett\u0151 napig fog tartani! (Haz\u00e1mnak rend\u00fcletlen\u00fcl!!)<\/p>\n\n\n\n<figure class=\"wp-block-image size-large\"><img loading=\"lazy\" decoding=\"async\" width=\"1024\" height=\"766\" src=\"http:\/\/nemzetorseg.hu\/wp-content\/uploads\/2021\/01\/136042813_120016509950217_2665369358392875798_n-1024x766.jpg\" alt=\"\" class=\"wp-image-1134\" srcset=\"http:\/\/nemzetorseg.hu\/wp-content\/uploads\/2021\/01\/136042813_120016509950217_2665369358392875798_n-1024x766.jpg 1024w, http:\/\/nemzetorseg.hu\/wp-content\/uploads\/2021\/01\/136042813_120016509950217_2665369358392875798_n-300x224.jpg 300w, http:\/\/nemzetorseg.hu\/wp-content\/uploads\/2021\/01\/136042813_120016509950217_2665369358392875798_n-768x574.jpg 768w, http:\/\/nemzetorseg.hu\/wp-content\/uploads\/2021\/01\/136042813_120016509950217_2665369358392875798_n-1536x1149.jpg 1536w, http:\/\/nemzetorseg.hu\/wp-content\/uploads\/2021\/01\/136042813_120016509950217_2665369358392875798_n-2048x1532.jpg 2048w\" sizes=\"auto, (max-width: 1024px) 100vw, 1024px\" \/><\/figure>\n\n\n\n<figure class=\"wp-block-image size-large\"><img loading=\"lazy\" decoding=\"async\" width=\"1024\" height=\"766\" src=\"http:\/\/nemzetorseg.hu\/wp-content\/uploads\/2021\/01\/136374959_192463329263994_2432918771244758927_n-1024x766.jpg\" alt=\"\" class=\"wp-image-1135\" srcset=\"http:\/\/nemzetorseg.hu\/wp-content\/uploads\/2021\/01\/136374959_192463329263994_2432918771244758927_n-1024x766.jpg 1024w, http:\/\/nemzetorseg.hu\/wp-content\/uploads\/2021\/01\/136374959_192463329263994_2432918771244758927_n-300x224.jpg 300w, http:\/\/nemzetorseg.hu\/wp-content\/uploads\/2021\/01\/136374959_192463329263994_2432918771244758927_n-768x574.jpg 768w, http:\/\/nemzetorseg.hu\/wp-content\/uploads\/2021\/01\/136374959_192463329263994_2432918771244758927_n-1536x1149.jpg 1536w, http:\/\/nemzetorseg.hu\/wp-content\/uploads\/2021\/01\/136374959_192463329263994_2432918771244758927_n-2048x1532.jpg 2048w\" sizes=\"auto, (max-width: 1024px) 100vw, 1024px\" \/><\/figure>\n\n\n\n<p>lovag Varga Gyula nemzet\u0151r dand\u00e1rt\u00e1bornok<\/p>\n\n\n\n<p>Szoci\u00e1lis \u00e9s Karitat\u00edv Szakszolg\u00e1lat Parancsnoka<\/p>\n","protected":false},"excerpt":{"rendered":"<p>Ma ism\u00e9t adom\u00e1ny\u00e9rt indult a Magyar Nemzet\u0151rs\u00e9g h\u00e1rom teheraut\u00f3 \u00e1ru\u00e9rt,ami majd a r\u00e1szorul\u00f3k r\u00e9sz\u00e9re lesz kiosztva term\u00e9szetesen ingyen. K\u00f6sz\u00f6net a Nemzet\u0151r\u00f6knek \u00e9s civil ember t\u00e1rsaiknak,&hellip;<\/p>\n","protected":false},"author":1,"featured_media":1135,"comment_status":"closed","ping_status":"open","sticky":false,"template":"","format":"standard","meta":{"footnotes":""},"categories":[1],"tags":[],"class_list":["post-1133","post","type-post","status-publish","format-standard","has-post-thumbnail","hentry","category-egyeb"],"_links":{"self":[{"href":"http:\/\/nemzetorseg.hu\/index.php?rest_route=\/wp\/v2\/posts\/1133","targetHints":{"allow":["GET"]}}],"collection":[{"href":"http:\/\/nemzetorseg.hu\/index.php?rest_route=\/wp\/v2\/posts"}],"about":[{"href":"http:\/\/nemzetorseg.hu\/index.php?rest_route=\/wp\/v2\/types\/post"}],"author":[{"embeddable":true,"href":"http:\/\/nemzetorseg.hu\/index.php?rest_route=\/wp\/v2\/users\/1"}],"replies":[{"embeddable":true,"href":"http:\/\/nemzetorseg.hu\/index.php?rest_route=%2Fwp%2Fv2%2Fcomments&post=1133"}],"version-history":[{"count":1,"href":"http:\/\/nemzetorseg.hu\/index.php?rest_route=\/wp\/v2\/posts\/1133\/revisions"}],"predecessor-version":[{"id":1136,"href":"http:\/\/nemzetorseg.hu\/index.php?rest_route=\/wp\/v2\/posts\/1133\/revisions\/1136"}],"wp:featuredmedia":[{"embeddable":true,"href":"http:\/\/nemzetorseg.hu\/index.php?rest_route=\/wp\/v2\/media\/1135"}],"wp:attachment":[{"href":"http:\/\/nemzetorseg.hu\/index.php?rest_route=%2Fwp%2Fv2%2Fmedia&parent=1133"}],"wp:term":[{"taxonomy":"category","embeddable":true,"href":"http:\/\/nemzetorseg.hu\/index.php?rest_route=%2Fwp%2Fv2%2Fcategories&post=1133"},{"taxonomy":"post_tag","embeddable":true,"href":"http:\/\/nemzetorseg.hu\/index.php?rest_route=%2Fwp%2Fv2%2Ftags&post=1133"}],"curies":[{"name":"wp","href":"https:\/\/api.w.org\/{rel}","templated":true}]}}